{"id":46413,"date":"2022-11-18T21:48:39","date_gmt":"2022-11-18T21:48:39","guid":{"rendered":"http:\/\/elterritorialweb.com.ar\/web\/?p=46413"},"modified":"2022-11-18T21:48:40","modified_gmt":"2022-11-18T21:48:40","slug":"habilitan-las-renovadas-instalaciones-de-la-direccion-general-de-odontologia","status":"publish","type":"post","link":"http:\/\/elterritorialweb.com.ar\/web\/habilitan-las-renovadas-instalaciones-de-la-direccion-general-de-odontologia\/","title":{"rendered":"HABILITAN LAS RENOVADAS INSTALACIONES DE LA DIRECCI\u00d3N GENERAL DE ODONTOLOG\u00cdA"},"content":{"rendered":"\n<p>Del acto participaron la ministra de Salud, Natividad Nassif; el subsecretario de Salud, C\u00e9sar Monti; los directores generales de Planificaci\u00f3n y Programaci\u00f3n Sanitaria, Hugo Palomo, y de Odontolog\u00eda, Patricia Gadda. Adem\u00e1s del equipo que trabaja en dicha \u00e1rea.<\/p>\n\n\n\n<p>Durante el evento, <strong>Nassif <\/strong>resalt\u00f3 que <em>\u201cel Ministerio de Salud no brinda servicios \u00fanicamente administrativos, sino tambi\u00e9n asistencia en salud bucal\u201d<\/em>.<br>Agreg\u00f3: <em>\u201cHoy nos encontramos inaugurando infraestructura y equipamiento moderno gracias a la inversi\u00f3n que realiz\u00f3 el Gobierno de la provincia en la Direcci\u00f3n de Odontolog\u00eda, que implica la atenci\u00f3n de la salud bucal de ni\u00f1os y adultos. El servicio de ortodoncia se realiza a ni\u00f1os de hasta 13 a\u00f1os, las pr\u00f3tesis sin l\u00edmites de edad, al igual que la detecci\u00f3n del c\u00e1ncer bucal\u201d<\/em><br><\/p>\n\n\n\n<figure class=\"wp-block-image size-large\"><a href=\"https:\/\/i0.wp.com\/elterritorialweb.com.ar\/web\/wp-content\/uploads\/2022\/11\/WhatsApp-Image-2022-11-18-at-18.20.41.jpeg\"><img data-recalc-dims=\"1\" decoding=\"async\" width=\"640\" height=\"395\" data-src=\"https:\/\/i0.wp.com\/elterritorialweb.com.ar\/web\/wp-content\/uploads\/2022\/11\/WhatsApp-Image-2022-11-18-at-18.20.41.jpeg?resize=640%2C395\" alt=\"\" class=\"wp-image-46416 lazyload\" data-srcset=\"https:\/\/i0.wp.com\/elterritorialweb.com.ar\/web\/wp-content\/uploads\/2022\/11\/WhatsApp-Image-2022-11-18-at-18.20.41.jpeg?resize=1024%2C632 1024w, https:\/\/i0.wp.com\/elterritorialweb.com.ar\/web\/wp-content\/uploads\/2022\/11\/WhatsApp-Image-2022-11-18-at-18.20.41.jpeg?resize=300%2C185 300w, https:\/\/i0.wp.com\/elterritorialweb.com.ar\/web\/wp-content\/uploads\/2022\/11\/WhatsApp-Image-2022-11-18-at-18.20.41.jpeg?resize=768%2C474 768w, https:\/\/i0.wp.com\/elterritorialweb.com.ar\/web\/wp-content\/uploads\/2022\/11\/WhatsApp-Image-2022-11-18-at-18.20.41.jpeg?w=1280 1280w\" data-sizes=\"(max-width: 640px) 100vw, 640px\" src=\"data:image\/svg+xml;base64,PHN2ZyB3aWR0aD0iMSIgaGVpZ2h0PSIxIiB4bWxucz0iaHR0cDovL3d3dy53My5vcmcvMjAwMC9zdmciPjwvc3ZnPg==\" style=\"--smush-placeholder-width: 640px; --smush-placeholder-aspect-ratio: 640\/395;\" \/><\/a><\/figure>\n\n\n\n<p>El espacio refuncionalizado cuenta con dos consultorios odontol\u00f3gicos, laboratorio de pr\u00f3tesis y ortodoncia, sala de rayos y un espacio de sala de espera y admisi\u00f3n.<\/p>\n\n\n\n<p>A su turno, el <strong>subsecretario de Salud <\/strong>coment\u00f3 que en la Direcci\u00f3n de Odontolog\u00eda <em>\u201cse realizan las pr\u00f3tesis de todos los hospitales, sean de Capital, La Banda y el interior de la provincia, brindando cobertura a un amplio sector de la poblaci\u00f3n. Tambi\u00e9n funciona aqu\u00ed un consultorio especializado en estomatolog\u00eda, que es el estudio de la mucosa bucal que permite detectar el c\u00e1ncer bucal\u201d.<\/em><br><\/p>\n\n\n\n<figure class=\"wp-block-image size-large\"><a href=\"https:\/\/i0.wp.com\/elterritorialweb.com.ar\/web\/wp-content\/uploads\/2022\/11\/WhatsApp-Image-2022-11-18-at-18.20.39.jpeg\"><img data-recalc-dims=\"1\" decoding=\"async\" width=\"640\" height=\"427\" data-src=\"https:\/\/i0.wp.com\/elterritorialweb.com.ar\/web\/wp-content\/uploads\/2022\/11\/WhatsApp-Image-2022-11-18-at-18.20.39.jpeg?resize=640%2C427\" alt=\"\" class=\"wp-image-46415 lazyload\" data-srcset=\"https:\/\/i0.wp.com\/elterritorialweb.com.ar\/web\/wp-content\/uploads\/2022\/11\/WhatsApp-Image-2022-11-18-at-18.20.39.jpeg?resize=1024%2C683 1024w, https:\/\/i0.wp.com\/elterritorialweb.com.ar\/web\/wp-content\/uploads\/2022\/11\/WhatsApp-Image-2022-11-18-at-18.20.39.jpeg?resize=300%2C200 300w, https:\/\/i0.wp.com\/elterritorialweb.com.ar\/web\/wp-content\/uploads\/2022\/11\/WhatsApp-Image-2022-11-18-at-18.20.39.jpeg?resize=768%2C512 768w, https:\/\/i0.wp.com\/elterritorialweb.com.ar\/web\/wp-content\/uploads\/2022\/11\/WhatsApp-Image-2022-11-18-at-18.20.39.jpeg?w=1280 1280w\" data-sizes=\"(max-width: 640px) 100vw, 640px\" src=\"data:image\/svg+xml;base64,PHN2ZyB3aWR0aD0iMSIgaGVpZ2h0PSIxIiB4bWxucz0iaHR0cDovL3d3dy53My5vcmcvMjAwMC9zdmciPjwvc3ZnPg==\" style=\"--smush-placeholder-width: 640px; --smush-placeholder-aspect-ratio: 640\/427;\" \/><\/a><\/figure>\n\n\n\n<p>Para finalizar, la<strong> Dra. Gadda <\/strong>mencion\u00f3 que<em> \u201cla Direcci\u00f3n General de Odontolog\u00eda inici\u00f3 hace 16 a\u00f1os con la coordinaci\u00f3n de todos los consultorios odontol\u00f3gicos que pertenecen al Estado; es decir, que se encuentran en Upas, postas sanitarias y hospitales. De acuerdo con las necesidades de la poblaci\u00f3n, se crearon otras \u00e1reas como la de ortodoncia, pr\u00f3tesis dental y detecci\u00f3n precoz del c\u00e1ncer bucal. Con esta ampliaci\u00f3n agregamos un consultorio odontol\u00f3gico, que se suma al que ya cont\u00e1bamos, como tambi\u00e9n una sala de rayos X y panor\u00e1mico y un laboratorio de pr\u00f3tesis y ortodoncia\u201d<\/em>.<\/p>\n","protected":false},"excerpt":{"rendered":"<p>Autoridades del Ministerio de Salud dejaron inauguradas este viernes las nuevas instalaciones de la Direcci\u00f3n General de Odontolog\u00eda, que contar\u00e1 con espacios acondicionados para la atenci\u00f3n de personas que necesitan pr\u00f3tesis, ortodoncias y para la detecci\u00f3n del c\u00e1ncer bucal. <\/p>\n","protected":false},"author":2,"featured_media":46414,"comment_status":"open","ping_status":"open","sticky":false,"template":"","format":"standard","meta":{"om_disable_all_campaigns":false,"_monsterinsights_skip_tracking":false,"_monsterinsights_sitenote_active":false,"_monsterinsights_sitenote_note":"","_monsterinsights_sitenote_category":0,"_uf_show_specific_survey":0,"_uf_disable_surveys":false,"jetpack_post_was_ever_published":false,"_jetpack_newsletter_access":"","_jetpack_dont_email_post_to_subs":false,"_jetpack_newsletter_tier_id":0,"_jetpack_memberships_contains_paywalled_content":false,"_jetpack_memberships_contains_paid_content":false,"footnotes":"","jetpack_publicize_message":"","jetpack_publicize_feature_enabled":true,"jetpack_social_post_already_shared":false,"jetpack_social_options":{"image_generator_settings":{"template":"highway","default_image_id":0,"font":"","enabled":false},"version":2}},"categories":[3],"tags":[],"class_list":["post-46413","post","type-post","status-publish","format-standard","has-post-thumbnail","hentry","category-salud"],"aioseo_notices":[],"views":9,"jetpack_publicize_connections":[],"jetpack_featured_media_url":"https:\/\/i0.wp.com\/elterritorialweb.com.ar\/web\/wp-content\/uploads\/2022\/11\/WhatsApp-Image-2022-11-18-at-18.20.37.jpeg?fit=1280%2C846","jetpack_sharing_enabled":true,"_links":{"self":[{"href":"http:\/\/elterritorialweb.com.ar\/web\/wp-json\/wp\/v2\/posts\/46413","targetHints":{"allow":["GET"]}}],"collection":[{"href":"http:\/\/elterritorialweb.com.ar\/web\/wp-json\/wp\/v2\/posts"}],"about":[{"href":"http:\/\/elterritorialweb.com.ar\/web\/wp-json\/wp\/v2\/types\/post"}],"author":[{"embeddable":true,"href":"http:\/\/elterritorialweb.com.ar\/web\/wp-json\/wp\/v2\/users\/2"}],"replies":[{"embeddable":true,"href":"http:\/\/elterritorialweb.com.ar\/web\/wp-json\/wp\/v2\/comments?post=46413"}],"version-history":[{"count":1,"href":"http:\/\/elterritorialweb.com.ar\/web\/wp-json\/wp\/v2\/posts\/46413\/revisions"}],"predecessor-version":[{"id":46417,"href":"http:\/\/elterritorialweb.com.ar\/web\/wp-json\/wp\/v2\/posts\/46413\/revisions\/46417"}],"wp:featuredmedia":[{"embeddable":true,"href":"http:\/\/elterritorialweb.com.ar\/web\/wp-json\/wp\/v2\/media\/46414"}],"wp:attachment":[{"href":"http:\/\/elterritorialweb.com.ar\/web\/wp-json\/wp\/v2\/media?parent=46413"}],"wp:term":[{"taxonomy":"category","embeddable":true,"href":"http:\/\/elterritorialweb.com.ar\/web\/wp-json\/wp\/v2\/categories?post=46413"},{"taxonomy":"post_tag","embeddable":true,"href":"http:\/\/elterritorialweb.com.ar\/web\/wp-json\/wp\/v2\/tags?post=46413"}],"curies":[{"name":"wp","href":"https:\/\/api.w.org\/{rel}","templated":true}]}}