{"id":46418,"date":"2022-11-18T22:05:05","date_gmt":"2022-11-18T22:05:05","guid":{"rendered":"http:\/\/elterritorialweb.com.ar\/web\/?p=46418"},"modified":"2022-11-18T22:11:35","modified_gmt":"2022-11-18T22:11:35","slug":"la-defensoria-del-pueblo-de-la-banda-inicio-gestiones-con-autoridades-provinciales","status":"publish","type":"post","link":"http:\/\/elterritorialweb.com.ar\/web\/la-defensoria-del-pueblo-de-la-banda-inicio-gestiones-con-autoridades-provinciales\/","title":{"rendered":"LA DEFENSOR\u00cdA DEL PUEBLO DE LA BANDA INICI\u00d3 GESTIONES CON AUTORIDADES PROVINCIALES"},"content":{"rendered":"\n<p>Durante la reuni\u00f3n, Acu\u00f1a se interioriz\u00f3 sobre las gestiones que se realizan en dicha dependencia y como desarrollar de la mejor manera los objetivos y propuestas que tiene pensado implementar en La Banda.<br>De acuerdo a lo informado por la defensora del Pueblo, se hizo hincapi\u00e9 en la renovaci\u00f3n del edificio de la Defensor\u00eda del Pueblo de la Municipalidad de La Banda, a fines brindar mayor comodidad a las personas que concurran con sus planteos.<br>Tambi\u00e9n plante\u00f3 la necesidad de implementar un horario corrido hasta las 18 para facilitar el acceso a la dependencia a las que personas que no pueden concurrir porque trabajan por la ma\u00f1ana.<br>Los vecinos tambi\u00e9n podr\u00e1n realizar Mediaci\u00f3n Comunitaria (por problemas de Vecindad y otras cuestiones comunales) y se crear\u00e1 un nuevo organigrama, en virtud de canalizar todos los reclamos que lleguen a la Defensor\u00eda del Pueblo con el fin de intermediar entre la comunidad y los organismos p\u00fablicos y privados.<\/p>\n","protected":false},"excerpt":{"rendered":"<p>La Defensora del Pueblo de la ciudad de La Banda, Claudia Acu\u00f1a, se reuni\u00f3 el pasado mi\u00e9rcoles con el Defensor del Pueblo de la Provincia y Presidente de ADPRA (Asociaci\u00f3n de Defensores del Pueblo de la Rep\u00fablica Argentina), Lionel Su\u00e1rez.<\/p>\n","protected":false},"author":2,"featured_media":46419,"comment_status":"open","ping_status":"open","sticky":false,"template":"","format":"standard","meta":{"om_disable_all_campaigns":false,"_monsterinsights_skip_tracking":false,"_monsterinsights_sitenote_active":false,"_monsterinsights_sitenote_note":"","_monsterinsights_sitenote_category":0,"_uf_show_specific_survey":0,"_uf_disable_surveys":false,"jetpack_post_was_ever_published":false,"_jetpack_newsletter_access":"","_jetpack_dont_email_post_to_subs":false,"_jetpack_newsletter_tier_id":0,"_jetpack_memberships_contains_paywalled_content":false,"_jetpack_memberships_contains_paid_content":false,"footnotes":"","jetpack_publicize_message":"","jetpack_publicize_feature_enabled":true,"jetpack_social_post_already_shared":false,"jetpack_social_options":{"image_generator_settings":{"template":"highway","default_image_id":0,"font":"","enabled":false},"version":2}},"categories":[21],"tags":[],"class_list":["post-46418","post","type-post","status-publish","format-standard","has-post-thumbnail","hentry","category-locales"],"aioseo_notices":[],"views":11,"jetpack_publicize_connections":[],"jetpack_featured_media_url":"https:\/\/i0.wp.com\/elterritorialweb.com.ar\/web\/wp-content\/uploads\/2022\/11\/WhatsApp-Image-2022-11-18-at-14.36.25-e1668809173588.jpeg?fit=719%2C708","jetpack_sharing_enabled":true,"_links":{"self":[{"href":"http:\/\/elterritorialweb.com.ar\/web\/wp-json\/wp\/v2\/posts\/46418","targetHints":{"allow":["GET"]}}],"collection":[{"href":"http:\/\/elterritorialweb.com.ar\/web\/wp-json\/wp\/v2\/posts"}],"about":[{"href":"http:\/\/elterritorialweb.com.ar\/web\/wp-json\/wp\/v2\/types\/post"}],"author":[{"embeddable":true,"href":"http:\/\/elterritorialweb.com.ar\/web\/wp-json\/wp\/v2\/users\/2"}],"replies":[{"embeddable":true,"href":"http:\/\/elterritorialweb.com.ar\/web\/wp-json\/wp\/v2\/comments?post=46418"}],"version-history":[{"count":1,"href":"http:\/\/elterritorialweb.com.ar\/web\/wp-json\/wp\/v2\/posts\/46418\/revisions"}],"predecessor-version":[{"id":46420,"href":"http:\/\/elterritorialweb.com.ar\/web\/wp-json\/wp\/v2\/posts\/46418\/revisions\/46420"}],"wp:featuredmedia":[{"embeddable":true,"href":"http:\/\/elterritorialweb.com.ar\/web\/wp-json\/wp\/v2\/media\/46419"}],"wp:attachment":[{"href":"http:\/\/elterritorialweb.com.ar\/web\/wp-json\/wp\/v2\/media?parent=46418"}],"wp:term":[{"taxonomy":"category","embeddable":true,"href":"http:\/\/elterritorialweb.com.ar\/web\/wp-json\/wp\/v2\/categories?post=46418"},{"taxonomy":"post_tag","embeddable":true,"href":"http:\/\/elterritorialweb.com.ar\/web\/wp-json\/wp\/v2\/tags?post=46418"}],"curies":[{"name":"wp","href":"https:\/\/api.w.org\/{rel}","templated":true}]}}