{"id":46421,"date":"2022-11-19T15:02:22","date_gmt":"2022-11-19T15:02:22","guid":{"rendered":"http:\/\/elterritorialweb.com.ar\/web\/?p=46421"},"modified":"2022-11-19T15:02:23","modified_gmt":"2022-11-19T15:02:23","slug":"correa-y-almada-se-sumaron-a-la-seleccion-en-qatar","status":"publish","type":"post","link":"http:\/\/elterritorialweb.com.ar\/web\/correa-y-almada-se-sumaron-a-la-seleccion-en-qatar\/","title":{"rendered":"CORREA Y ALMADA SE SUMARON A LA SELECCI\u00d3N EN QATAR"},"content":{"rendered":"\n<p><\/p>\n\n\n\n<p><a href=\"https:\/\/www.telam.com.ar\/notas\/202211\/611411-angel-correa-thiago-almada-seleccion-argentina-qatar.html#\"><\/a>Angel Correa y Thiago Almada, reemplazantes de los lesionados Nicol\u00e1s Gonz\u00e1lez y Joaqu\u00edn Correa, se sumaron este s\u00e1bado al plantel del seleccionado argentino de f\u00fatbol, dirigido por Lionel Scaloni que debutar\u00e1 el martes pr\u00f3ximo ante Arabia Saudita en la Copa del Mundo de Qatar 2022.<\/p>\n\n\n\n<p><strong>Ambos jugadores arribaron a Doha en la madrugada provenientes de la Argentina<\/strong>, en donde fueron efusivamente despedidos por sus familiares y amigos, y con ellos el plantel complet\u00f3 su n\u00f3mina de 26 futbolistas permitidos por la FIFA en la competencia.<\/p>\n\n\n\n<p>Tanto Angel Correa, del Atl\u00e9tico de Madrid, como Almada, del Atlanta United, de la MLS estadounidense, llegaron al aeropuerto de Doha e&nbsp;<strong>inmediatamente se trasladaron al predio de la Universidad de Qatar<\/strong>, el \u00abbunker\u00bb del equipo argentino durante la Copa del Mundo<\/p>\n\n\n\n<p>Los reci\u00e9n llegados&nbsp;<strong>tomar\u00e1n parte de la pr\u00e1ctica<\/strong>&nbsp;que Scaloni tiene previsto realizar m\u00e1s tarde para pulir los detalles con miras al estreno mundialista que ser\u00e1 el martes a las 7 (hora de Argentina) ante Arabia en el Estadio Lusail, por el Grupo C que completan M\u00e9xico y Polonia.<\/p>\n\n\n\n<p>Correa, que fue desafectado inicialmente de las lista de 26 regresa al plantel en reemplazo de Gonz\u00e1lez, de la Fiorentina, quien sufri\u00f3 un desagarro, mientras que Almada sustituy\u00f3 al tucumano Joaqu\u00edn Correa, de Inter de Italia, present\u00f3 una molestia en el tend\u00f3n de la rodilla izquierda que motiv\u00f3 su baja del Mundial.<\/p>\n","protected":false},"excerpt":{"rendered":"<p>Arribaron a Doha en la madrugada provenientes de la Argentina e inmediatamente se trasladaron al predio de la Universidad de Qatar. Con ellos, el plantel complet\u00f3 su n\u00f3mina de 26 futbolistas permitidos por la FIFA en la competencia.<\/p>\n","protected":false},"author":2,"featured_media":46422,"comment_status":"open","ping_status":"open","sticky":false,"template":"","format":"standard","meta":{"om_disable_all_campaigns":false,"_monsterinsights_skip_tracking":false,"_monsterinsights_sitenote_active":false,"_monsterinsights_sitenote_note":"","_monsterinsights_sitenote_category":0,"_uf_show_specific_survey":0,"_uf_disable_surveys":false,"jetpack_post_was_ever_published":false,"_jetpack_newsletter_access":"","_jetpack_dont_email_post_to_subs":false,"_jetpack_newsletter_tier_id":0,"_jetpack_memberships_contains_paywalled_content":false,"_jetpack_memberships_contains_paid_content":false,"footnotes":"","jetpack_publicize_message":"","jetpack_publicize_feature_enabled":true,"jetpack_social_post_already_shared":false,"jetpack_social_options":{"image_generator_settings":{"template":"highway","default_image_id":0,"font":"","enabled":false},"version":2}},"categories":[6],"tags":[],"class_list":["post-46421","post","type-post","status-publish","format-standard","has-post-thumbnail","hentry","category-deportes"],"aioseo_notices":[],"views":6,"jetpack_publicize_connections":[],"jetpack_featured_media_url":"https:\/\/i0.wp.com\/elterritorialweb.com.ar\/web\/wp-content\/uploads\/2022\/11\/image-6.png?fit=416%2C234","jetpack_sharing_enabled":true,"_links":{"self":[{"href":"http:\/\/elterritorialweb.com.ar\/web\/wp-json\/wp\/v2\/posts\/46421","targetHints":{"allow":["GET"]}}],"collection":[{"href":"http:\/\/elterritorialweb.com.ar\/web\/wp-json\/wp\/v2\/posts"}],"about":[{"href":"http:\/\/elterritorialweb.com.ar\/web\/wp-json\/wp\/v2\/types\/post"}],"author":[{"embeddable":true,"href":"http:\/\/elterritorialweb.com.ar\/web\/wp-json\/wp\/v2\/users\/2"}],"replies":[{"embeddable":true,"href":"http:\/\/elterritorialweb.com.ar\/web\/wp-json\/wp\/v2\/comments?post=46421"}],"version-history":[{"count":1,"href":"http:\/\/elterritorialweb.com.ar\/web\/wp-json\/wp\/v2\/posts\/46421\/revisions"}],"predecessor-version":[{"id":46423,"href":"http:\/\/elterritorialweb.com.ar\/web\/wp-json\/wp\/v2\/posts\/46421\/revisions\/46423"}],"wp:featuredmedia":[{"embeddable":true,"href":"http:\/\/elterritorialweb.com.ar\/web\/wp-json\/wp\/v2\/media\/46422"}],"wp:attachment":[{"href":"http:\/\/elterritorialweb.com.ar\/web\/wp-json\/wp\/v2\/media?parent=46421"}],"wp:term":[{"taxonomy":"category","embeddable":true,"href":"http:\/\/elterritorialweb.com.ar\/web\/wp-json\/wp\/v2\/categories?post=46421"},{"taxonomy":"post_tag","embeddable":true,"href":"http:\/\/elterritorialweb.com.ar\/web\/wp-json\/wp\/v2\/tags?post=46421"}],"curies":[{"name":"wp","href":"https:\/\/api.w.org\/{rel}","templated":true}]}}