{"id":46427,"date":"2022-11-19T18:46:07","date_gmt":"2022-11-19T18:46:07","guid":{"rendered":"http:\/\/elterritorialweb.com.ar\/web\/?p=46427"},"modified":"2022-11-19T19:08:01","modified_gmt":"2022-11-19T19:08:01","slug":"un-ballet-de-danzas-de-bolivia-visito-la-municipalidad","status":"publish","type":"post","link":"http:\/\/elterritorialweb.com.ar\/web\/un-ballet-de-danzas-de-bolivia-visito-la-municipalidad\/","title":{"rendered":"UN BALLET DE DANZAS DE BOLIVIA VISIT\u00d3 LA MUNICIPALIDAD"},"content":{"rendered":"\n<p>El colorido espect\u00e1culo busc\u00f3 representar la fusi\u00f3n y la hermandad de los pueblos latinoamericanos a trav\u00e9s de diferentes danzas representativas de los pa\u00edses de Bolivia y Argentina, revalorizando las ra\u00edces y la historia que comparten ambas naciones.<\/p>\n\n\n\n<p>Las destacadas academias fueron recibidas por el secretario de Gobierno, N\u00e9stor Machado; el secretario de Planeamiento, Obras y Servicios P\u00fablicos, Jorge Villa; el subsecretario de Cultura y Turismo, Rodolfo Legname y el director de Cultura, Francisco Avenda\u00f1o; entre otros funcionarios.<\/p>\n\n\n\n<p>En este sentido, Legname indic\u00f3 que \u00abhay una vasta tradici\u00f3n que une a nuestros pueblos, que comparten el anhelo de buscar un buen vivir para su gente y afianzar los lazos de hermandad con todas las comunidades de Am\u00e9rica Latina, m\u00e1s all\u00e1 de las fronteras\u00bb.<\/p>\n\n\n\n<p>Por su parte, Juan Carlos Rold\u00e1n, del Ballet Folcl\u00f3rico Jorge Newbery, agradeci\u00f3 a la intendente Norma Fuentes y a su gabinete \u00abpor propiciar este encuentro entre dos naciones, favoreciendo el intercambio cultural para reforzar la uni\u00f3n con nuestros hermanos bolivianos\u00bb.<\/p>\n","protected":false},"excerpt":{"rendered":"<p>En el marco de las acciones que la Municipalidad de la Capital viene impulsando para respetar la Diversidad Cultural, se realiz\u00f3 en el Palacio Municipal un encuentro de danzas del que participaron el Ballet Folcl\u00f3rico de Cochabamba, Bolivia y el Ballet Folcl\u00f3rico Jorge Newbery.<\/p>\n","protected":false},"author":2,"featured_media":46428,"comment_status":"open","ping_status":"open","sticky":false,"template":"","format":"standard","meta":{"om_disable_all_campaigns":false,"_monsterinsights_skip_tracking":false,"_monsterinsights_sitenote_active":false,"_monsterinsights_sitenote_note":"","_monsterinsights_sitenote_category":0,"_uf_show_specific_survey":0,"_uf_disable_surveys":false,"jetpack_post_was_ever_published":false,"_jetpack_newsletter_access":"","_jetpack_dont_email_post_to_subs":false,"_jetpack_newsletter_tier_id":0,"_jetpack_memberships_contains_paywalled_content":false,"_jetpack_memberships_contains_paid_content":false,"footnotes":"","jetpack_publicize_message":"","jetpack_publicize_feature_enabled":true,"jetpack_social_post_already_shared":false,"jetpack_social_options":{"image_generator_settings":{"template":"highway","default_image_id":0,"font":"","enabled":false},"version":2}},"categories":[21,1],"tags":[],"class_list":["post-46427","post","type-post","status-publish","format-standard","has-post-thumbnail","hentry","category-locales","category-sin-categoria"],"aioseo_notices":[],"views":19,"jetpack_publicize_connections":[],"jetpack_featured_media_url":"https:\/\/i0.wp.com\/elterritorialweb.com.ar\/web\/wp-content\/uploads\/2022\/11\/danzas-en-el-municipio.jpg?fit=1280%2C853","jetpack_sharing_enabled":true,"_links":{"self":[{"href":"http:\/\/elterritorialweb.com.ar\/web\/wp-json\/wp\/v2\/posts\/46427","targetHints":{"allow":["GET"]}}],"collection":[{"href":"http:\/\/elterritorialweb.com.ar\/web\/wp-json\/wp\/v2\/posts"}],"about":[{"href":"http:\/\/elterritorialweb.com.ar\/web\/wp-json\/wp\/v2\/types\/post"}],"author":[{"embeddable":true,"href":"http:\/\/elterritorialweb.com.ar\/web\/wp-json\/wp\/v2\/users\/2"}],"replies":[{"embeddable":true,"href":"http:\/\/elterritorialweb.com.ar\/web\/wp-json\/wp\/v2\/comments?post=46427"}],"version-history":[{"count":1,"href":"http:\/\/elterritorialweb.com.ar\/web\/wp-json\/wp\/v2\/posts\/46427\/revisions"}],"predecessor-version":[{"id":46429,"href":"http:\/\/elterritorialweb.com.ar\/web\/wp-json\/wp\/v2\/posts\/46427\/revisions\/46429"}],"wp:featuredmedia":[{"embeddable":true,"href":"http:\/\/elterritorialweb.com.ar\/web\/wp-json\/wp\/v2\/media\/46428"}],"wp:attachment":[{"href":"http:\/\/elterritorialweb.com.ar\/web\/wp-json\/wp\/v2\/media?parent=46427"}],"wp:term":[{"taxonomy":"category","embeddable":true,"href":"http:\/\/elterritorialweb.com.ar\/web\/wp-json\/wp\/v2\/categories?post=46427"},{"taxonomy":"post_tag","embeddable":true,"href":"http:\/\/elterritorialweb.com.ar\/web\/wp-json\/wp\/v2\/tags?post=46427"}],"curies":[{"name":"wp","href":"https:\/\/api.w.org\/{rel}","templated":true}]}}