{"id":46528,"date":"2022-11-23T00:13:46","date_gmt":"2022-11-23T00:13:46","guid":{"rendered":"http:\/\/elterritorialweb.com.ar\/web\/?p=46528"},"modified":"2022-11-23T00:15:08","modified_gmt":"2022-11-23T00:15:08","slug":"nediani-hizo-entrega-de-herramientas-a-un-joven-peluquero","status":"publish","type":"post","link":"http:\/\/elterritorialweb.com.ar\/web\/nediani-hizo-entrega-de-herramientas-a-un-joven-peluquero\/","title":{"rendered":"NEDIANI ENTREG\u00d3 HERRAMIENTAS A UN JOVEN PELUQUERO"},"content":{"rendered":"\n<p>En esta oportunidad el intendente Roger Nediani, junto al secretario de Coordinaci\u00f3n y Desarrollo Territorial, Mat\u00edas Nediani y el coordinador de la Oficina de Emprendedores, Marcelo Abraham, hicieron entrega de herramientas a Nicolas Beltr\u00e1n de 22 a\u00f1os del Barrio Misqui Mayu.<br>Este vecino emprendedor, se dedica a realizar trabajos de peluquer\u00eda principalmente cortes masculinos y coment\u00f3 que su principal objetivo es poder instalar su propio local.<br>Los interesados en contratar los servicios brindados por Nicolas Beltr\u00e1n, pueden comunicarse a trav\u00e9s del siguiente n\u00famero 3855914484.<br>En ese sentido, Beltr\u00e1n dijo: \u201cEstoy muy agradecido con el intendente, es una gran ayuda la que se me est\u00e1 brindando, y esto me permitir\u00e1 progresar, dicha fuente de ingreso la utilizo para solventar mis gastos de estudio y seguir perfeccion\u00e1ndome en el rubro, como as\u00ed tambi\u00e9n anhelo poder tener mi propio local\u201d.<br>Por su parte, el intendente Roger Nediani expres\u00f3: \u201cEs una alegr\u00eda poder recibir a este joven emprendedor bande\u00f1o, esto nos muestra que los j\u00f3venes auguran un futuro mejor, buscan progresar, salir adelante y seguir mejorando, nuestra gesti\u00f3n siempre estar\u00e1 en pos del vecino bande\u00f1o, acompa\u00f1\u00e1ndolo y apoy\u00e1ndolo en la medida que nos sea posible\u201d.<br>Asimismo, se indic\u00f3 que quienes deseen solicitar los requisitos para acceder al programa deber\u00e1n tener residencia en la ciudad de La Banda y los presupuestos de los productos que necesitan adquirir para iniciar o fortalecer sus negocios los que deber\u00e1n ser presentados en el Palacio Municipal en la Oficina de Emprendedores.<\/p>\n","protected":false},"excerpt":{"rendered":"<p>Como parte del programa \u00abEmprendiendo Sue\u00f1os\u00bb, el intendente Roger Nediani entreg\u00f3 a un joven bande\u00f1o una silla y un carro ayudante de peluquer\u00eda.<\/p>\n","protected":false},"author":2,"featured_media":46529,"comment_status":"open","ping_status":"open","sticky":false,"template":"","format":"standard","meta":{"om_disable_all_campaigns":false,"_monsterinsights_skip_tracking":false,"_monsterinsights_sitenote_active":false,"_monsterinsights_sitenote_note":"","_monsterinsights_sitenote_category":0,"_uf_show_specific_survey":0,"_uf_disable_surveys":false,"jetpack_post_was_ever_published":false,"_jetpack_newsletter_access":"","_jetpack_dont_email_post_to_subs":false,"_jetpack_newsletter_tier_id":0,"_jetpack_memberships_contains_paywalled_content":false,"_jetpack_memberships_contains_paid_content":false,"footnotes":"","jetpack_publicize_message":"","jetpack_publicize_feature_enabled":true,"jetpack_social_post_already_shared":false,"jetpack_social_options":{"image_generator_settings":{"template":"highway","default_image_id":0,"font":"","enabled":false},"version":2}},"categories":[21],"tags":[],"class_list":["post-46528","post","type-post","status-publish","format-standard","has-post-thumbnail","hentry","category-locales"],"aioseo_notices":[],"views":7,"jetpack_publicize_connections":[],"jetpack_featured_media_url":"https:\/\/i0.wp.com\/elterritorialweb.com.ar\/web\/wp-content\/uploads\/2022\/11\/WhatsApp-Image-2022-11-22-at-13.19.27.jpeg?fit=1280%2C845","jetpack_sharing_enabled":true,"_links":{"self":[{"href":"http:\/\/elterritorialweb.com.ar\/web\/wp-json\/wp\/v2\/posts\/46528","targetHints":{"allow":["GET"]}}],"collection":[{"href":"http:\/\/elterritorialweb.com.ar\/web\/wp-json\/wp\/v2\/posts"}],"about":[{"href":"http:\/\/elterritorialweb.com.ar\/web\/wp-json\/wp\/v2\/types\/post"}],"author":[{"embeddable":true,"href":"http:\/\/elterritorialweb.com.ar\/web\/wp-json\/wp\/v2\/users\/2"}],"replies":[{"embeddable":true,"href":"http:\/\/elterritorialweb.com.ar\/web\/wp-json\/wp\/v2\/comments?post=46528"}],"version-history":[{"count":3,"href":"http:\/\/elterritorialweb.com.ar\/web\/wp-json\/wp\/v2\/posts\/46528\/revisions"}],"predecessor-version":[{"id":46533,"href":"http:\/\/elterritorialweb.com.ar\/web\/wp-json\/wp\/v2\/posts\/46528\/revisions\/46533"}],"wp:featuredmedia":[{"embeddable":true,"href":"http:\/\/elterritorialweb.com.ar\/web\/wp-json\/wp\/v2\/media\/46529"}],"wp:attachment":[{"href":"http:\/\/elterritorialweb.com.ar\/web\/wp-json\/wp\/v2\/media?parent=46528"}],"wp:term":[{"taxonomy":"category","embeddable":true,"href":"http:\/\/elterritorialweb.com.ar\/web\/wp-json\/wp\/v2\/categories?post=46528"},{"taxonomy":"post_tag","embeddable":true,"href":"http:\/\/elterritorialweb.com.ar\/web\/wp-json\/wp\/v2\/tags?post=46528"}],"curies":[{"name":"wp","href":"https:\/\/api.w.org\/{rel}","templated":true}]}}