{"id":46537,"date":"2022-11-23T03:29:13","date_gmt":"2022-11-23T03:29:13","guid":{"rendered":"http:\/\/elterritorialweb.com.ar\/web\/?p=46537"},"modified":"2022-11-23T03:29:15","modified_gmt":"2022-11-23T03:29:15","slug":"solicitan-a-la-provincia-que-el-ministerio-de-salud-intervenga-en-beneficio-de-pampa-de-la-guanacos","status":"publish","type":"post","link":"http:\/\/elterritorialweb.com.ar\/web\/solicitan-a-la-provincia-que-el-ministerio-de-salud-intervenga-en-beneficio-de-pampa-de-la-guanacos\/","title":{"rendered":"SOLICITAN A LA PROVINCIA QUE EL MINISTERIO DE SALUD INTERVENGA EN BENEFICIO DE PAMPA DE LA GUANACOS"},"content":{"rendered":"\n<p>Esta semana, en la C\u00e1mara de Diputados de la provincia, los legisladores de Juntos por el Cambio, presentaron; \u201cProyecto de Comunicaci\u00f3n\u201d en el que instan al Poder Ejecutivo para que instruya al Ministerio de Salud de la Provincia a abastecer de insumos al Hospital Distrital de Pampa de los Guanacos, Departamento Copo.<\/p>\n\n\n\n<p>En esta oportunidad los diputados por la UCR Aldana Galina Saavedra y Gerardo Floridia, presidente del bloque de JxC, expusieron mediante proyecto de ley, una de las realidades m\u00e1s angustiantes, que sufre el interior provincial; donde \u201cfamilias enteras sufren la falta de atenci\u00f3n m\u00e9dica adecuada\u201d. Expusieron los legisladores.<\/p>\n\n\n\n<p>La principal referente de Juntos por el Cambio Natalia Neme, habl\u00f3 tras los proyectos de Ley, presentados por los legisladores de la UCR, siendo, el Hospital Distrital de Pampa de los Guanacos, Departamento Copo, un ejemplo m\u00e1s, de las carencias que vive nuestro interior provincial.<\/p>\n\n\n\n<figure class=\"wp-block-image size-full is-resized\"><a href=\"https:\/\/i0.wp.com\/elterritorialweb.com.ar\/web\/wp-content\/uploads\/2022\/11\/WhatsApp-Image-2022-11-23-at-00.00.44.jpeg\"><img data-recalc-dims=\"1\" decoding=\"async\" data-src=\"https:\/\/i0.wp.com\/elterritorialweb.com.ar\/web\/wp-content\/uploads\/2022\/11\/WhatsApp-Image-2022-11-23-at-00.00.44.jpeg?resize=640%2C481\" alt=\"\" class=\"wp-image-46539 lazyload\" width=\"640\" height=\"481\" data-srcset=\"https:\/\/i0.wp.com\/elterritorialweb.com.ar\/web\/wp-content\/uploads\/2022\/11\/WhatsApp-Image-2022-11-23-at-00.00.44.jpeg?w=717 717w, https:\/\/i0.wp.com\/elterritorialweb.com.ar\/web\/wp-content\/uploads\/2022\/11\/WhatsApp-Image-2022-11-23-at-00.00.44.jpeg?resize=300%2C226 300w\" data-sizes=\"(max-width: 640px) 100vw, 640px\" src=\"data:image\/svg+xml;base64,PHN2ZyB3aWR0aD0iMSIgaGVpZ2h0PSIxIiB4bWxucz0iaHR0cDovL3d3dy53My5vcmcvMjAwMC9zdmciPjwvc3ZnPg==\" style=\"--smush-placeholder-width: 640px; --smush-placeholder-aspect-ratio: 640\/481;\" \/><\/a><\/figure>\n\n\n\n<p>\u201cSantiago del Estero es una de las provincias que sufre a diario el acceso a la atenci\u00f3n m\u00e9dica. La situaci\u00f3n es especialmente cr\u00edtica en muchos lugares del interior de la provincia donde postas sanitarias u hospital zonal, no cuentan con medicina de especialidades, y en el mayor de los casos los pacientes deben ser derivados a la capital o provincias de cercan\u00eda\u201d. Continu\u00f3 diciendo: \u201cHay una gran desigualdad entre lo que pasa en capital y banda con lo que pasa en el resto de la provincia.\u201d \u201cEs muy importante el rol de los legisladores visibilizando esta problem\u00e1tica que sufren muchos santiague\u00f1os para que la agenda y demanda de la gente sea la agenda y prioridad de la gesti\u00f3n actual\u201d Sentencio Neme.<\/p>\n\n\n\n<p>En esta oportunidad la Diputada Aldana Galina Saavedra, solicito a la Honorable C\u00e1mara de Diputados, mediante Proyecto de Comunicaci\u00f3n de su autor\u00eda, los siguientes art\u00edculos:<br>Art\u00edculo 1: la Honorable C\u00e1mara de Diputados de Santiago del Estero recomienda al Poder Ejecutivo Provincial que instruya al Ministerio de Salud de la Provincia a abastecer de insumos al Hospital Distrital de Pampa de los Guanacos, Departamento Copo.<br>Art\u00edculo 2: Instr\u00fayase al Ministerio de Salud que designe personal m\u00e9dico, cl\u00ednicos y de las especialidades necesarias para cubrir las necesidades de salud de los Ciudadanos de Pampa de los Guanacos.<br>En caso de existir dicha designaci\u00f3n, proceda el Ministerio de Salud de la Provincia a realizar los relevamientos y controles necesarios para que el personal designado cubra efectivamente sus cargos y desempe\u00f1en sus funciones de forma adecuada, sistem\u00e1tica y organizada a los fines de garantizar el derecho de acceso a la salud p\u00fablica.<br>Art\u00edculo 3: una vez cumplido este pedido emita informe a esta Legislatura sobre su cumplimiento y medidas que tomar\u00e1 para proveer de los insumos y recursos humanos necesarios para garantizar el acceso a la salud p\u00fablica,<\/p>\n\n\n\n<p>Por su parte el presidente del bloque de JxC Gerardo Floridia acompa\u00f1o el presente pedido, en beneficio de los vecinos y pobladores de Pampa de los Guanacos.<\/p>\n\n\n\n<p>La r\u00fabrica del presente proyecto se FUNDAMENTA en el resiente deceso del joven Javier Hoyos quien ingreso al Hospital de la Ciudad de Pampa de los Guanacos \u2013 Departamento Copo y luego de varios d\u00edas de permanecer internado sin un diagn\u00f3stico fue trasladado a la ciudad de Presidencia Roque S\u00e1enz Pe\u00f1a de la Provincia del Chaco y en el trayecto de produjo su deceso. tras permanecer varios d\u00edas internado.<br>\u201cEl acceso a la Salud P\u00fablica es un Derecho Humano que debe ser garantizado por el Estado, y esto no est\u00e1 sucediendo en la Ciudad de Pampa de los Guanacos de nuestra Provincia\u201d. \u201cA lo que agregaron; \u201cActualmente, el Hospital no cuenta con los insumos, ni el personal adecuado, para asistir debidamente a quienes acuden por distintas enfermedades o padecimientos. Todo ello ocasiona da\u00f1os irreparables a los pacientes y a sus familiares\u201d. Finalmente expresaron los legisladores de la UCR por JxC Floridia y Galina Saavedra.<\/p>\n","protected":false},"excerpt":{"rendered":"<p>Diputados de Juntos por el Cambio mediante un proyecto presentado en la legislatura provincial, solicitan el abastecimiento de insumos al Hospital Distrital de pampa de los Guanacos. <\/p>\n","protected":false},"author":2,"featured_media":46538,"comment_status":"open","ping_status":"open","sticky":false,"template":"","format":"standard","meta":{"om_disable_all_campaigns":false,"_monsterinsights_skip_tracking":false,"_monsterinsights_sitenote_active":false,"_monsterinsights_sitenote_note":"","_monsterinsights_sitenote_category":0,"_uf_show_specific_survey":0,"_uf_disable_surveys":false,"jetpack_post_was_ever_published":false,"_jetpack_newsletter_access":"","_jetpack_dont_email_post_to_subs":false,"_jetpack_newsletter_tier_id":0,"_jetpack_memberships_contains_paywalled_content":false,"_jetpack_memberships_contains_paid_content":false,"footnotes":"","jetpack_publicize_message":"","jetpack_publicize_feature_enabled":true,"jetpack_social_post_already_shared":false,"jetpack_social_options":{"image_generator_settings":{"template":"highway","default_image_id":0,"font":"","enabled":false},"version":2}},"categories":[18],"tags":[],"class_list":["post-46537","post","type-post","status-publish","format-standard","has-post-thumbnail","hentry","category-politica"],"aioseo_notices":[],"views":9,"jetpack_publicize_connections":[],"jetpack_featured_media_url":"https:\/\/i0.wp.com\/elterritorialweb.com.ar\/web\/wp-content\/uploads\/2022\/11\/WhatsApp-Image-2022-11-23-at-00.00.43.jpeg?fit=1599%2C1599","jetpack_sharing_enabled":true,"_links":{"self":[{"href":"http:\/\/elterritorialweb.com.ar\/web\/wp-json\/wp\/v2\/posts\/46537","targetHints":{"allow":["GET"]}}],"collection":[{"href":"http:\/\/elterritorialweb.com.ar\/web\/wp-json\/wp\/v2\/posts"}],"about":[{"href":"http:\/\/elterritorialweb.com.ar\/web\/wp-json\/wp\/v2\/types\/post"}],"author":[{"embeddable":true,"href":"http:\/\/elterritorialweb.com.ar\/web\/wp-json\/wp\/v2\/users\/2"}],"replies":[{"embeddable":true,"href":"http:\/\/elterritorialweb.com.ar\/web\/wp-json\/wp\/v2\/comments?post=46537"}],"version-history":[{"count":1,"href":"http:\/\/elterritorialweb.com.ar\/web\/wp-json\/wp\/v2\/posts\/46537\/revisions"}],"predecessor-version":[{"id":46540,"href":"http:\/\/elterritorialweb.com.ar\/web\/wp-json\/wp\/v2\/posts\/46537\/revisions\/46540"}],"wp:featuredmedia":[{"embeddable":true,"href":"http:\/\/elterritorialweb.com.ar\/web\/wp-json\/wp\/v2\/media\/46538"}],"wp:attachment":[{"href":"http:\/\/elterritorialweb.com.ar\/web\/wp-json\/wp\/v2\/media?parent=46537"}],"wp:term":[{"taxonomy":"category","embeddable":true,"href":"http:\/\/elterritorialweb.com.ar\/web\/wp-json\/wp\/v2\/categories?post=46537"},{"taxonomy":"post_tag","embeddable":true,"href":"http:\/\/elterritorialweb.com.ar\/web\/wp-json\/wp\/v2\/tags?post=46537"}],"curies":[{"name":"wp","href":"https:\/\/api.w.org\/{rel}","templated":true}]}}