{"id":46541,"date":"2022-11-23T03:37:24","date_gmt":"2022-11-23T03:37:24","guid":{"rendered":"http:\/\/elterritorialweb.com.ar\/web\/?p=46541"},"modified":"2022-11-23T03:37:24","modified_gmt":"2022-11-23T03:37:24","slug":"fuentes-destaco-la-obra-de-remodelacion-en-la-plaza-del-barrio-los-flores","status":"publish","type":"post","link":"http:\/\/elterritorialweb.com.ar\/web\/fuentes-destaco-la-obra-de-remodelacion-en-la-plaza-del-barrio-los-flores\/","title":{"rendered":"FUENTES DESTAC\u00d3 LA OBRA DE REMODELACI\u00d3N EN LA PLAZA DEL BARRIO LOS FLORES"},"content":{"rendered":"\n<p>En esta ocasi\u00f3n, estuvo acompa\u00f1ada por el secretario de Planeamiento, Obras y Servicios P\u00fablicos, Jorge Vila; y los directores de Estudios y Proyectos, Rosa Allalla; de Electricidad, Marcelo Aguilar; de Servicios Urbanos, H\u00e9ctor Batalla y de Parques y Paseos, Cecilia Saboureth; entre otros funcionarios.<\/p>\n\n\n\n<p>La jefa comunal manifest\u00f3 \u00absu enorme satisfacci\u00f3n por poder avanzar con el plan de refacci\u00f3n de los espacios verdes de la ciudad, conservando siempre la arboleda existente e incorporando el equipamiento necesario para que las familias puedan disfrutar y compartir gratos momentos\u00bb.<\/p>\n\n\n\n<p>\u00abAl igual que en todas las plazas que el municipio viene renovando, se instalar\u00e1 un sector con juegos infantiles con pisos de caucho para brindar mayor seguridad a los ni\u00f1os, pistas de salud para la pr\u00e1ctica de gimnasia, mesas de ajedrez, bancos de hormig\u00f3n premoldeado e iluminaci\u00f3n led\u00bb, agreg\u00f3 la Ing. Fuentes.<\/p>\n\n\n\n<p>\u00abLa comunidad de este barrio es muy grande y est\u00e1 comprometida a mantener las mejoras, entendiendo que todos los vecinos son due\u00f1os de los espacios p\u00fablicos, que resultan de gran importancia para mejorar la actividad y la calidad de vida de la zona\u00bb, se\u00f1al\u00f3 la intendente.<\/p>\n\n\n\n<p>Adem\u00e1s, en el espacio se est\u00e1n realizando caminer\u00edas de hormig\u00f3n peinado pintadas con un color naranja vivo sobre contrapisos armados, instalando en el centro una p\u00e9rgola para generar un \u00e1rea de merendero contenido, que se complementar\u00e1 con otras tres p\u00e9rgolas alineadas en una caminer\u00eda paralela a la l\u00ednea medianera.<\/p>\n","protected":false},"excerpt":{"rendered":"<p>La intendente de la Capital, Ing. Norma Fuentes, supervis\u00f3 la obra de remodelaci\u00f3n de la plazoleta \u00abEstudiantes Santiague\u00f1os\u00bb ubicada en el barrio Los Flores, donde dialog\u00f3 tanto con los vecinos como con los empleados del CAPS y del Centro Operativo del sector.<\/p>\n","protected":false},"author":2,"featured_media":46542,"comment_status":"open","ping_status":"open","sticky":false,"template":"","format":"standard","meta":{"om_disable_all_campaigns":false,"_monsterinsights_skip_tracking":false,"_monsterinsights_sitenote_active":false,"_monsterinsights_sitenote_note":"","_monsterinsights_sitenote_category":0,"_uf_show_specific_survey":0,"_uf_disable_surveys":false,"jetpack_post_was_ever_published":false,"_jetpack_newsletter_access":"","_jetpack_dont_email_post_to_subs":false,"_jetpack_newsletter_tier_id":0,"_jetpack_memberships_contains_paywalled_content":false,"_jetpack_memberships_contains_paid_content":false,"footnotes":"","jetpack_publicize_message":"","jetpack_publicize_feature_enabled":true,"jetpack_social_post_already_shared":false,"jetpack_social_options":{"image_generator_settings":{"template":"highway","default_image_id":0,"font":"","enabled":false},"version":2}},"categories":[21],"tags":[],"class_list":["post-46541","post","type-post","status-publish","format-standard","has-post-thumbnail","hentry","category-locales"],"aioseo_notices":[],"views":8,"jetpack_publicize_connections":[],"jetpack_featured_media_url":"https:\/\/i0.wp.com\/elterritorialweb.com.ar\/web\/wp-content\/uploads\/2022\/11\/plaza-los-flores.jpeg?fit=1280%2C853","jetpack_sharing_enabled":true,"_links":{"self":[{"href":"http:\/\/elterritorialweb.com.ar\/web\/wp-json\/wp\/v2\/posts\/46541","targetHints":{"allow":["GET"]}}],"collection":[{"href":"http:\/\/elterritorialweb.com.ar\/web\/wp-json\/wp\/v2\/posts"}],"about":[{"href":"http:\/\/elterritorialweb.com.ar\/web\/wp-json\/wp\/v2\/types\/post"}],"author":[{"embeddable":true,"href":"http:\/\/elterritorialweb.com.ar\/web\/wp-json\/wp\/v2\/users\/2"}],"replies":[{"embeddable":true,"href":"http:\/\/elterritorialweb.com.ar\/web\/wp-json\/wp\/v2\/comments?post=46541"}],"version-history":[{"count":1,"href":"http:\/\/elterritorialweb.com.ar\/web\/wp-json\/wp\/v2\/posts\/46541\/revisions"}],"predecessor-version":[{"id":46543,"href":"http:\/\/elterritorialweb.com.ar\/web\/wp-json\/wp\/v2\/posts\/46541\/revisions\/46543"}],"wp:featuredmedia":[{"embeddable":true,"href":"http:\/\/elterritorialweb.com.ar\/web\/wp-json\/wp\/v2\/media\/46542"}],"wp:attachment":[{"href":"http:\/\/elterritorialweb.com.ar\/web\/wp-json\/wp\/v2\/media?parent=46541"}],"wp:term":[{"taxonomy":"category","embeddable":true,"href":"http:\/\/elterritorialweb.com.ar\/web\/wp-json\/wp\/v2\/categories?post=46541"},{"taxonomy":"post_tag","embeddable":true,"href":"http:\/\/elterritorialweb.com.ar\/web\/wp-json\/wp\/v2\/tags?post=46541"}],"curies":[{"name":"wp","href":"https:\/\/api.w.org\/{rel}","templated":true}]}}