{"id":46544,"date":"2022-11-23T13:03:49","date_gmt":"2022-11-23T13:03:49","guid":{"rendered":"http:\/\/elterritorialweb.com.ar\/web\/?p=46544"},"modified":"2022-11-23T18:03:54","modified_gmt":"2022-11-23T18:03:54","slug":"cronograma-de-pago-a-la-administracion-publica-provincial","status":"publish","type":"post","link":"http:\/\/elterritorialweb.com.ar\/web\/cronograma-de-pago-a-la-administracion-publica-provincial\/","title":{"rendered":"EL MARTES 29 COMIENZA EL PAGO DE SUELDOS DE LA ADMINISTRACI\u00d3N P\u00daBLICA PROVINCIAL"},"content":{"rendered":"\n<p>El <strong>Ministerio de Econom\u00eda de Santiago del Estero<\/strong> informa que el pr\u00f3ximo <strong>martes 29<\/strong> se iniciar\u00e1 el <strong>pago<\/strong> de <strong>sueldos a los trabajadores de la Administraci\u00f3n P\u00fablica Provincial<\/strong> correspondientes a noviembre, que se har\u00e1 efectivo seg\u00fan el \u00faltimo d\u00edgito del documento nacional de identidad.<br>El cronograma es el siguiente: Las personas con <strong>DNI terminados en 0, 1 , 2, 3, y 4<\/strong> podr\u00e1n dirigirse a los cajeros a partir de las 8 hs del <strong>martes 29<\/strong>.<br>Mientras que los finalizados en <strong>5 ,6, 7, 8 y 9, el d\u00eda mi\u00e9rcoles 30.<\/strong><\/p>\n","protected":false},"excerpt":{"rendered":"<p>As\u00ed lo informaron desde la cartera de econom\u00eda de la provincia.<\/p>\n","protected":false},"author":2,"featured_media":41565,"comment_status":"open","ping_status":"open","sticky":false,"template":"","format":"standard","meta":{"om_disable_all_campaigns":false,"_monsterinsights_skip_tracking":false,"_monsterinsights_sitenote_active":false,"_monsterinsights_sitenote_note":"","_monsterinsights_sitenote_category":0,"_uf_show_specific_survey":0,"_uf_disable_surveys":false,"jetpack_post_was_ever_published":false,"_jetpack_newsletter_access":"","_jetpack_dont_email_post_to_subs":false,"_jetpack_newsletter_tier_id":0,"_jetpack_memberships_contains_paywalled_content":false,"_jetpack_memberships_contains_paid_content":false,"footnotes":"","jetpack_publicize_message":"","jetpack_publicize_feature_enabled":true,"jetpack_social_post_already_shared":false,"jetpack_social_options":{"image_generator_settings":{"template":"highway","default_image_id":0,"font":"","enabled":false},"version":2}},"categories":[4,2],"tags":[],"class_list":["post-46544","post","type-post","status-publish","format-standard","has-post-thumbnail","hentry","category-destacadas","category-economia"],"aioseo_notices":[],"views":17,"jetpack_publicize_connections":[],"jetpack_featured_media_url":"https:\/\/i0.wp.com\/elterritorialweb.com.ar\/web\/wp-content\/uploads\/2022\/06\/pago-de-sueldos.jpg?fit=540%2C340","jetpack_sharing_enabled":true,"_links":{"self":[{"href":"http:\/\/elterritorialweb.com.ar\/web\/wp-json\/wp\/v2\/posts\/46544","targetHints":{"allow":["GET"]}}],"collection":[{"href":"http:\/\/elterritorialweb.com.ar\/web\/wp-json\/wp\/v2\/posts"}],"about":[{"href":"http:\/\/elterritorialweb.com.ar\/web\/wp-json\/wp\/v2\/types\/post"}],"author":[{"embeddable":true,"href":"http:\/\/elterritorialweb.com.ar\/web\/wp-json\/wp\/v2\/users\/2"}],"replies":[{"embeddable":true,"href":"http:\/\/elterritorialweb.com.ar\/web\/wp-json\/wp\/v2\/comments?post=46544"}],"version-history":[{"count":2,"href":"http:\/\/elterritorialweb.com.ar\/web\/wp-json\/wp\/v2\/posts\/46544\/revisions"}],"predecessor-version":[{"id":46547,"href":"http:\/\/elterritorialweb.com.ar\/web\/wp-json\/wp\/v2\/posts\/46544\/revisions\/46547"}],"wp:featuredmedia":[{"embeddable":true,"href":"http:\/\/elterritorialweb.com.ar\/web\/wp-json\/wp\/v2\/media\/41565"}],"wp:attachment":[{"href":"http:\/\/elterritorialweb.com.ar\/web\/wp-json\/wp\/v2\/media?parent=46544"}],"wp:term":[{"taxonomy":"category","embeddable":true,"href":"http:\/\/elterritorialweb.com.ar\/web\/wp-json\/wp\/v2\/categories?post=46544"},{"taxonomy":"post_tag","embeddable":true,"href":"http:\/\/elterritorialweb.com.ar\/web\/wp-json\/wp\/v2\/tags?post=46544"}],"curies":[{"name":"wp","href":"https:\/\/api.w.org\/{rel}","templated":true}]}}