{"id":47794,"date":"2023-01-08T15:18:27","date_gmt":"2023-01-08T15:18:27","guid":{"rendered":"http:\/\/elterritorialweb.com.ar\/web\/?p=47794"},"modified":"2023-01-08T15:22:21","modified_gmt":"2023-01-08T15:22:21","slug":"beneficiarios-de-anses-podran-pagar-menos-el-servicio-de-cable-e-internet","status":"publish","type":"post","link":"http:\/\/elterritorialweb.com.ar\/web\/beneficiarios-de-anses-podran-pagar-menos-el-servicio-de-cable-e-internet\/","title":{"rendered":"BENEFICIARIOS DE ANSES PODR\u00c1N PAGAR MENOS EL SERVICIO DE CABLE E INTERNET"},"content":{"rendered":"\n<p>El inicio del 2023 trae buenas y malas noticias para los beneficiarios de la\u00a0<strong>Administraci\u00f3n Nacional de la Seguridad Social\u00a0(ANSES): con lo positivo de tener el calendario de cobros ya establecido<\/strong>, la contraposici\u00f3n son los\u00a0<strong>diferentes aumentos que habr\u00e1, como en internet y cable<\/strong>. Ante ello,\u00a0<strong>el organismo que dirige Fernanda Raverta ofrece la Prestaci\u00f3n B\u00e1sica Universal (PBU).<\/strong><\/p>\n\n\n\n<p>Este beneficio est\u00e1 dirigido para\u00a0<strong>muchos de los titulares de ANSES, como jubilados, pensionados y titulares de la Asignaci\u00f3n Universal por Hijo (AUH)<\/strong>, donde podr\u00e1n acceder a un\u00a0<strong>descuento en las tarifas de los servicios de telecomunicaciones que contraten<\/strong>. Conoc\u00e9 c\u00f3mo es el tr\u00e1mite gratuito para solicitar el descuento.<\/p>\n\n\n\n<h3 class=\"wp-block-heading\">Aumento en el internet y cable en enero: de cu\u00e1nto ser\u00e1<\/h3>\n\n\n\n<p>Los usuarios que accedan a los servicios de telecomunicaci\u00f3n tendr\u00e1n un&nbsp;<strong>14,5% de aumento confirmado en 2023<\/strong>, donde el Gobierno estableci\u00f3 un&nbsp;<strong>m\u00e1ximo del 4% de incremento mensual<\/strong>, donde de esta manera las subas ser\u00e1n de: 4% en enero, 4% en febrero, 3% en marzo y finalmente un 3,5% en abril.<\/p>\n\n\n\n<h3 class=\"wp-block-heading\">C\u00f3mo puedo tener un descuento en internet y cable para beneficiarios de ANSES<\/h3>\n\n\n\n<p>El organismo previsional ofrece la&nbsp;<strong>Prestaci\u00f3n B\u00e1sica Universal (PBU)<\/strong>, un beneficio que busca que los&nbsp;<strong>diferentes beneficiarios accedan a un descuento en los servicios de internet y cable<\/strong>, donde el objetivo oficial dice: \u00abSi no pod\u00e9s afrontar el pago de los planes de los servicios de telefon\u00eda fija, m\u00f3vil, televisi\u00f3n por cable o internet, pod\u00e9s acceder a la prestaci\u00f3n para uno o varios de esos servicios\u00bb.<\/p>\n\n\n\n<p><strong>El tr\u00e1mite es f\u00e1cil y gratuito<\/strong>&nbsp;para los diferentes beneficiarios que deben cumplir algunos requisitos y de esta manera&nbsp;<strong>recibir\u00e1n una tarifa diferencial en los servicios de telecomunicaci\u00f3n.<\/strong><\/p>\n\n\n\n<h3 class=\"wp-block-heading\">Prestaci\u00f3n B\u00e1sica Universal: qui\u00e9nes pueden acceder<\/h3>\n\n\n\n<p>Podr\u00e1n acceder como beneficiarios a la PBU:<\/p>\n\n\n\n<ul class=\"wp-block-list\"><li>Las personas beneficiarias de la Asignaci\u00f3n Universal por Hijo (AUH) y la Asignaci\u00f3n por Embarazo. Tambi\u00e9n pueden adherirse sus hijos e hijas de entre 16 y 18 a\u00f1os y miembros de su grupo familiar (padre\/madre, c\u00f3nyuge\/conviviente).<\/li><li>Personas beneficiarias de Pensiones no Contributivas que perciban ingresos mensuales brutos no superiores a 2 Salarios M\u00ednimos Vitales y M\u00f3viles. Tambi\u00e9n pueden adherirse sus hijos e hijas de entre 16 y 18 a\u00f1os.<\/li><li>Personas inscriptas en el R\u00e9gimen de Monotributo Social. Tambi\u00e9n pueden adherirse sus hijos e hijas de entre 16 y 18 a\u00f1os.<\/li><li>Personas jubiladas, pensionadas y trabajadoras en relaci\u00f3n de dependencia que perciban una remuneraci\u00f3n bruta menor o igual a 2 Salarios M\u00ednimos Vitales y M\u00f3viles. Tambi\u00e9n pueden adherirse sus hijos e hijas de entre 16 y 18 a\u00f1os.<\/li><li>Monotributistas de categor\u00edas con ingresos mensuales que no superen 2 Salarios M\u00ednimos Vitales y M\u00f3viles. Tambi\u00e9n pueden adherirse sus hijos e hijas de entre 16 y 18 a\u00f1os.<\/li><li>Personas que cobran seguro de desempleo. Tambi\u00e9n pueden adherirse sus hijos e hijas de entre 16 y 18 a\u00f1os.<\/li><li>Personas del R\u00e9gimen Especial de Seguridad Social para Empleados de Casas Particulares. Tambi\u00e9n pueden adherirse sus hijos e hijas de entre 16 y 18 a\u00f1os<\/li><li>Personas que cobran una beca del programa Progresar.<\/li><li>Personas que est\u00e1n desocupadas o se desempe\u00f1an en la econom\u00eda informal. Tambi\u00e9n pueden adherirse sus hijos e hijas de entre 16 y 18 a\u00f1os<\/li><li>Personas beneficiarias de programas sociales. Tambi\u00e9n pueden adherirse sus hijos e hijas de entre 16 y 18 a\u00f1os.<\/li><li>Personas trabajadoras inscriptas en el \u201cPortal Empleo\u201d del Ministerio de Trabajo, Empleo y Seguridad Social.<\/li><li>Clubes de Barrio y de Pueblo registrados.<\/li><li>Asociaciones de Bomberos Voluntarios registradas.<\/li><li>Entidades de Bien P\u00fablico: asociaciones civiles, simples asociaciones y fundaciones que no persiguen fines de lucro en forma directa o indirecta y las organizaciones comunitarias sin fines de lucro con reconocimiento municipal que llevan adelante programas de promoci\u00f3n y protecci\u00f3n de derechos o desarrollan actividades de ayuda social directa sin cobrar por los servicios que prestan. Deben estar inscriptas en el Centro Nacional de Organizaciones de la Comunidad (CENOC).<\/li><\/ul>\n\n\n\n<h3 class=\"wp-block-heading\">Prestaci\u00f3n B\u00e1sica Universal<\/h3>\n\n\n\n<p>Para acceder a la Prestaci\u00f3n B\u00e1sica Universal, deber\u00e1s realizar el tr\u00e1mite que cuenta con un formulario (declaraci\u00f3n jurada), realizando los siguientes pasos:<\/p>\n\n\n\n<ul class=\"wp-block-list\"><li>Descargar el\u00a0<a rel=\"noreferrer noopener\" href=\"https:\/\/www.enacom.gob.ar\/declaracion-jurada-prestacion-basica-universal_p4798\" target=\"_blank\">formulario PBU de ENACOM<\/a><\/li><li>Completar el formulario PBU con los siguientes datos:<\/li><li>Nombre y apellido<\/li><li>Raz\u00f3n o denominaci\u00f3n social (en caso de que corresponda)<\/li><li>CUIT\/CUIL<\/li><li>Domicilio<\/li><li>Firma<\/li><li>Enviar el formulario PBU a la empresa proveedora de tu servicio de internet, televisi\u00f3n, o telefon\u00eda fija\/m\u00f3vil seg\u00fan corresponda.<\/li><\/ul>\n","protected":false},"excerpt":{"rendered":"<p>Los servicios de telecomunicaci\u00f3n tendr\u00e1n diferentes aumentos en 2023 y los beneficiarios de ANSES podr\u00e1n acceder a la Prestaci\u00f3n B\u00e1sica Universal para obtener un descuento.<\/p>\n","protected":false},"author":2,"featured_media":47795,"comment_status":"open","ping_status":"open","sticky":false,"template":"","format":"standard","meta":{"om_disable_all_campaigns":false,"_monsterinsights_skip_tracking":false,"_monsterinsights_sitenote_active":false,"_monsterinsights_sitenote_note":"","_monsterinsights_sitenote_category":0,"_uf_show_specific_survey":0,"_uf_disable_surveys":false,"jetpack_post_was_ever_published":false,"_jetpack_newsletter_access":"","_jetpack_dont_email_post_to_subs":false,"_jetpack_newsletter_tier_id":0,"_jetpack_memberships_contains_paywalled_content":false,"_jetpack_memberships_contains_paid_content":false,"footnotes":"","jetpack_publicize_message":"","jetpack_publicize_feature_enabled":true,"jetpack_social_post_already_shared":false,"jetpack_social_options":{"image_generator_settings":{"template":"highway","default_image_id":0,"font":"","enabled":false},"version":2}},"categories":[4,2],"tags":[],"class_list":["post-47794","post","type-post","status-publish","format-standard","has-post-thumbnail","hentry","category-destacadas","category-economia"],"aioseo_notices":[],"views":14,"jetpack_publicize_connections":[],"jetpack_featured_media_url":"https:\/\/i0.wp.com\/elterritorialweb.com.ar\/web\/wp-content\/uploads\/2023\/01\/tripleplay.jpg?fit=1280%2C720","jetpack_sharing_enabled":true,"_links":{"self":[{"href":"http:\/\/elterritorialweb.com.ar\/web\/wp-json\/wp\/v2\/posts\/47794","targetHints":{"allow":["GET"]}}],"collection":[{"href":"http:\/\/elterritorialweb.com.ar\/web\/wp-json\/wp\/v2\/posts"}],"about":[{"href":"http:\/\/elterritorialweb.com.ar\/web\/wp-json\/wp\/v2\/types\/post"}],"author":[{"embeddable":true,"href":"http:\/\/elterritorialweb.com.ar\/web\/wp-json\/wp\/v2\/users\/2"}],"replies":[{"embeddable":true,"href":"http:\/\/elterritorialweb.com.ar\/web\/wp-json\/wp\/v2\/comments?post=47794"}],"version-history":[{"count":1,"href":"http:\/\/elterritorialweb.com.ar\/web\/wp-json\/wp\/v2\/posts\/47794\/revisions"}],"predecessor-version":[{"id":47796,"href":"http:\/\/elterritorialweb.com.ar\/web\/wp-json\/wp\/v2\/posts\/47794\/revisions\/47796"}],"wp:featuredmedia":[{"embeddable":true,"href":"http:\/\/elterritorialweb.com.ar\/web\/wp-json\/wp\/v2\/media\/47795"}],"wp:attachment":[{"href":"http:\/\/elterritorialweb.com.ar\/web\/wp-json\/wp\/v2\/media?parent=47794"}],"wp:term":[{"taxonomy":"category","embeddable":true,"href":"http:\/\/elterritorialweb.com.ar\/web\/wp-json\/wp\/v2\/categories?post=47794"},{"taxonomy":"post_tag","embeddable":true,"href":"http:\/\/elterritorialweb.com.ar\/web\/wp-json\/wp\/v2\/tags?post=47794"}],"curies":[{"name":"wp","href":"https:\/\/api.w.org\/{rel}","templated":true}]}}