{"id":48142,"date":"2023-01-19T12:24:25","date_gmt":"2023-01-19T12:24:25","guid":{"rendered":"http:\/\/elterritorialweb.com.ar\/web\/?p=48142"},"modified":"2023-01-19T12:27:08","modified_gmt":"2023-01-19T12:27:08","slug":"cordoba-rescatan-a-un-bebe-que-caminaba-por-la-ventana-de-un-segundo-piso","status":"publish","type":"post","link":"http:\/\/elterritorialweb.com.ar\/web\/cordoba-rescatan-a-un-bebe-que-caminaba-por-la-ventana-de-un-segundo-piso\/","title":{"rendered":"CORDOBA: RESCATAN A UN BEBE QUE CAMINABA POR LA VENTANA DE UN SEGUNDO PISO"},"content":{"rendered":"\n<p><strong>Un beb\u00e9 que caminaba por la cornisa de una ventana en un segundo piso fue rescatado en C\u00f3rdoba<\/strong>&nbsp;gracias al accionar de un vecino quien, ayudado por la Polic\u00eda, alcanz\u00f3 el departamento y puso al menor a salvo.<\/p>\n\n\n\n<p>El hecho fue registrado por las c\u00e1maras de seguridad luego de que los vecinos llamaran al 911, alertados por la presencia del nene en la ventana. El menor lleg\u00f3 a ponerse de pie sobre el borde y asomarse peligrosamente hacia abajo, lo que puso su vida en gran riesgo.<\/p>\n\n\n\n<p>Dos efectivos llegaron al edificio ubicado en la esquina de Duarte Quir\u00f3s y Juan Bautista Gaona, en el barrio Tranviarios de la capital cordobesa. Se ubicaron en un balc\u00f3n terraza perteneciente a la planta inferior e&nbsp;<strong>impulsaron a un vecino para que pudiera acceder al segundo piso<\/strong>.<\/p>\n\n\n\n<p><strong>Tras algunos segundos de tensi\u00f3n, que parecieron horas, el hombre alcanz\u00f3 la ventana y rescat\u00f3 al beb\u00e9 de lo que pudo haber sido una tragedia<\/strong>. Se lo entreg\u00f3 a su padre, quien estaba a su cuidado pero se hab\u00eda quedado dormido.<\/p>\n\n\n\n<p>M\u00e1s tarde, la abuela del nene explic\u00f3 a los medios locales que&nbsp;<strong>el pap\u00e1 \u00abse qued\u00f3 dormido por el cansancio\u00bb, porque lleva a su pareja al trabajo por la madrugada<\/strong>.<\/p>\n\n\n\n<p>\u00abMi hija trabaja muy temprano, el marido la lleva a las 5 y media. Yo me cruzo a cuidarlo hasta que \u00e9l vuelve, son 15 minutos. El pap\u00e1 se durmi\u00f3, \u00e9l trabaja a la tarde y mi hija sale a las 12\u00bb, indic\u00f3 en di\u00e1logo con&nbsp;<em>Cadena 3<\/em>.<\/p>\n\n\n\n<p>\u00abEl ni\u00f1o se despert\u00f3, junt\u00f3 un mueble y como duermen con las ventanas abiertas por el calor, se trep\u00f3\u00bb, relat\u00f3.<\/p>\n\n\n\n<p>\u00ab<strong>El nene nunca estuvo solo, eso lo sabe la Polic\u00eda<\/strong>. El padre se durmi\u00f3 a ra\u00edz del cansancio que ten\u00eda. Los polic\u00edas y vecinos son testigos, eso quiero dejarlo claro. Los ni\u00f1os nunca est\u00e1n solos\u00bb, enfatiz\u00f3 la mujer.<\/p>\n\n\n\n<figure class=\"wp-block-embed is-type-rich is-provider-twitter wp-block-embed-twitter\"><div class=\"wp-block-embed__wrapper\">\nhttps:\/\/twitter.com\/CbaMarca\/status\/1615799066943754246\n<\/div><\/figure>\n","protected":false},"excerpt":{"rendered":"<p>Dos polic\u00edas ayudaron a un vecino a acceder a la planta superior desde un balc\u00f3n para poner a salvo al menor. El nene estaba al cuidado de su pap\u00e1, pero se hab\u00eda quedado dormido.<\/p>\n","protected":false},"author":2,"featured_media":48143,"comment_status":"open","ping_status":"open","sticky":false,"template":"","format":"standard","meta":{"om_disable_all_campaigns":false,"_monsterinsights_skip_tracking":false,"_monsterinsights_sitenote_active":false,"_monsterinsights_sitenote_note":"","_monsterinsights_sitenote_category":0,"_uf_show_specific_survey":0,"_uf_disable_surveys":false,"jetpack_post_was_ever_published":false,"_jetpack_newsletter_access":"","_jetpack_dont_email_post_to_subs":false,"_jetpack_newsletter_tier_id":0,"_jetpack_memberships_contains_paywalled_content":false,"_jetpack_memberships_contains_paid_content":false,"footnotes":"","jetpack_publicize_message":"","jetpack_publicize_feature_enabled":true,"jetpack_social_post_already_shared":false,"jetpack_social_options":{"image_generator_settings":{"template":"highway","default_image_id":0,"font":"","enabled":false},"version":2}},"categories":[4,7],"tags":[],"class_list":["post-48142","post","type-post","status-publish","format-standard","has-post-thumbnail","hentry","category-destacadas","category-nacionales"],"aioseo_notices":[],"views":21,"jetpack_publicize_connections":[],"jetpack_featured_media_url":"https:\/\/i0.wp.com\/elterritorialweb.com.ar\/web\/wp-content\/uploads\/2023\/01\/1010x567_rescate-bebe-cordoba-437238-075418.jpg?fit=1010%2C567","jetpack_sharing_enabled":true,"_links":{"self":[{"href":"http:\/\/elterritorialweb.com.ar\/web\/wp-json\/wp\/v2\/posts\/48142","targetHints":{"allow":["GET"]}}],"collection":[{"href":"http:\/\/elterritorialweb.com.ar\/web\/wp-json\/wp\/v2\/posts"}],"about":[{"href":"http:\/\/elterritorialweb.com.ar\/web\/wp-json\/wp\/v2\/types\/post"}],"author":[{"embeddable":true,"href":"http:\/\/elterritorialweb.com.ar\/web\/wp-json\/wp\/v2\/users\/2"}],"replies":[{"embeddable":true,"href":"http:\/\/elterritorialweb.com.ar\/web\/wp-json\/wp\/v2\/comments?post=48142"}],"version-history":[{"count":2,"href":"http:\/\/elterritorialweb.com.ar\/web\/wp-json\/wp\/v2\/posts\/48142\/revisions"}],"predecessor-version":[{"id":48145,"href":"http:\/\/elterritorialweb.com.ar\/web\/wp-json\/wp\/v2\/posts\/48142\/revisions\/48145"}],"wp:featuredmedia":[{"embeddable":true,"href":"http:\/\/elterritorialweb.com.ar\/web\/wp-json\/wp\/v2\/media\/48143"}],"wp:attachment":[{"href":"http:\/\/elterritorialweb.com.ar\/web\/wp-json\/wp\/v2\/media?parent=48142"}],"wp:term":[{"taxonomy":"category","embeddable":true,"href":"http:\/\/elterritorialweb.com.ar\/web\/wp-json\/wp\/v2\/categories?post=48142"},{"taxonomy":"post_tag","embeddable":true,"href":"http:\/\/elterritorialweb.com.ar\/web\/wp-json\/wp\/v2\/tags?post=48142"}],"curies":[{"name":"wp","href":"https:\/\/api.w.org\/{rel}","templated":true}]}}