{"id":48236,"date":"2023-01-22T17:07:22","date_gmt":"2023-01-22T17:07:22","guid":{"rendered":"http:\/\/elterritorialweb.com.ar\/web\/?p=48236"},"modified":"2023-01-22T17:07:23","modified_gmt":"2023-01-22T17:07:23","slug":"sueno-salamanquero-estara-por-primera-vez-en-el-festival-de-la-salamanca","status":"publish","type":"post","link":"http:\/\/elterritorialweb.com.ar\/web\/sueno-salamanquero-estara-por-primera-vez-en-el-festival-de-la-salamanca\/","title":{"rendered":"\u00abSUE\u00d1O SALAMANQUERO\u00bb ESTAR\u00c1 POR PRIMERA VEZ EN EL FESTIVAL DE LA SALAMANCA"},"content":{"rendered":"\n<p>Sue\u00f1o salamanquero, definido como \u201cun grupo familiar\u201d por los integrantes, tendr\u00e1n su debut la noche del jueves 2 del Festival, donde compartir\u00e1n escenario con importantes figuras como Luciano Pereyra, Sergio Galleguillo, Peteco Carabajal, Bruno Arias, Arcanos del Desierto, Roxana Carabajal, Aldana Gonzales, Bande\u00f1as, Tanta y muchos m\u00e1s.<br>Por su parte, integrantes del grupo expresaron: \u201cEstamos muy orgullosos, nosotros venimos con este proyecto trabajando en las redes sociales para as\u00ed el p\u00fablico nos llegue a conocer m\u00e1s, este a\u00f1o se nos dio la oportunidad de poder estar en este Festival, por lo que nos sentimos muy felices ya que ser\u00e1 la primera vez que vamos a estar presente en ese escenario tan significativo para nosotros.<br>\u201cEl Sue\u00f1o Salamanquero se ha creado bajo el concepto hermandad y santiague\u00f1eidad. El gran Jacinto Piedra es nuestro principal referente, por eso nuestro primer disco se llamar\u00e1 \u2018Due\u00f1o de Piedra\u2019 y que mejor que presentarlo arriba de ese gran escenario que lleva su nombre\u201d.<\/p>\n","protected":false},"excerpt":{"rendered":"<p>La Comisi\u00f3n Organizadora del Festival Nacional de la Salamanca anuncia la incorporaci\u00f3n a la cartelera de su trig\u00e9sima primera edici\u00f3n, del grupo \u201cSue\u00f1o Salamanquero\u201d quienes brillar\u00e1n por primera vez sobre el escenario \u201cJacinto Piedra\u201d.<\/p>\n","protected":false},"author":2,"featured_media":48237,"comment_status":"open","ping_status":"open","sticky":false,"template":"","format":"standard","meta":{"om_disable_all_campaigns":false,"_monsterinsights_skip_tracking":false,"_monsterinsights_sitenote_active":false,"_monsterinsights_sitenote_note":"","_monsterinsights_sitenote_category":0,"_uf_show_specific_survey":0,"_uf_disable_surveys":false,"jetpack_post_was_ever_published":false,"_jetpack_newsletter_access":"","_jetpack_dont_email_post_to_subs":false,"_jetpack_newsletter_tier_id":0,"_jetpack_memberships_contains_paywalled_content":false,"_jetpack_memberships_contains_paid_content":false,"footnotes":"","jetpack_publicize_message":"","jetpack_publicize_feature_enabled":true,"jetpack_social_post_already_shared":false,"jetpack_social_options":{"image_generator_settings":{"template":"highway","default_image_id":0,"font":"","enabled":false},"version":2}},"categories":[9,20],"tags":[],"class_list":["post-48236","post","type-post","status-publish","format-standard","has-post-thumbnail","hentry","category-banda","category-especysociales"],"aioseo_notices":[],"views":13,"jetpack_publicize_connections":[],"jetpack_featured_media_url":"https:\/\/i0.wp.com\/elterritorialweb.com.ar\/web\/wp-content\/uploads\/2023\/01\/IMG-20230122-WA0018.jpg?fit=1060%2C850","jetpack_sharing_enabled":true,"_links":{"self":[{"href":"http:\/\/elterritorialweb.com.ar\/web\/wp-json\/wp\/v2\/posts\/48236","targetHints":{"allow":["GET"]}}],"collection":[{"href":"http:\/\/elterritorialweb.com.ar\/web\/wp-json\/wp\/v2\/posts"}],"about":[{"href":"http:\/\/elterritorialweb.com.ar\/web\/wp-json\/wp\/v2\/types\/post"}],"author":[{"embeddable":true,"href":"http:\/\/elterritorialweb.com.ar\/web\/wp-json\/wp\/v2\/users\/2"}],"replies":[{"embeddable":true,"href":"http:\/\/elterritorialweb.com.ar\/web\/wp-json\/wp\/v2\/comments?post=48236"}],"version-history":[{"count":1,"href":"http:\/\/elterritorialweb.com.ar\/web\/wp-json\/wp\/v2\/posts\/48236\/revisions"}],"predecessor-version":[{"id":48238,"href":"http:\/\/elterritorialweb.com.ar\/web\/wp-json\/wp\/v2\/posts\/48236\/revisions\/48238"}],"wp:featuredmedia":[{"embeddable":true,"href":"http:\/\/elterritorialweb.com.ar\/web\/wp-json\/wp\/v2\/media\/48237"}],"wp:attachment":[{"href":"http:\/\/elterritorialweb.com.ar\/web\/wp-json\/wp\/v2\/media?parent=48236"}],"wp:term":[{"taxonomy":"category","embeddable":true,"href":"http:\/\/elterritorialweb.com.ar\/web\/wp-json\/wp\/v2\/categories?post=48236"},{"taxonomy":"post_tag","embeddable":true,"href":"http:\/\/elterritorialweb.com.ar\/web\/wp-json\/wp\/v2\/tags?post=48236"}],"curies":[{"name":"wp","href":"https:\/\/api.w.org\/{rel}","templated":true}]}}