{"id":48239,"date":"2023-01-23T04:52:16","date_gmt":"2023-01-23T04:52:16","guid":{"rendered":"http:\/\/elterritorialweb.com.ar\/web\/?p=48239"},"modified":"2023-01-23T04:52:16","modified_gmt":"2023-01-23T04:52:16","slug":"la-municipalidad-trabaja-en-la-limpieza-del-desague-del-barrio-san-germes","status":"publish","type":"post","link":"http:\/\/elterritorialweb.com.ar\/web\/la-municipalidad-trabaja-en-la-limpieza-del-desague-del-barrio-san-germes\/","title":{"rendered":"LA MUNICIPALIDAD TRABAJA EN LA LIMPIEZA DEL DESAG\u00dcE DEL BARRIO SAN GERM\u00c9S"},"content":{"rendered":"\n<p>Personal de la Direcci\u00f3n de Obras P\u00fablicas, con la asistencia de maquinaria especializada, procedi\u00f3 a retirar residuos domiciliarios, restos de ramas y hojas, envases pl\u00e1sticos y dem\u00e1s elementos con el prop\u00f3sito de garantizar su normal funcionamiento.<br>En ese sentido, desde la comuna solicitaron a los vecinos que colaboren con el mantenimiento de los desag\u00fces a cielo abierto, evitando arrojar residuos para posibilitar el habitual escurrimiento de las aguas, sobre todo en esta temporada marcada por las abundantes precipitaciones.<\/p>\n","protected":false},"excerpt":{"rendered":"<p>La Capital concret\u00f3 trabajos de limpieza en el desag\u00fce ubicado en la avenida Col\u00f3n, a la altura del barrio San Germ\u00e9s.<\/p>\n","protected":false},"author":2,"featured_media":48240,"comment_status":"open","ping_status":"open","sticky":false,"template":"","format":"standard","meta":{"om_disable_all_campaigns":false,"_monsterinsights_skip_tracking":false,"_monsterinsights_sitenote_active":false,"_monsterinsights_sitenote_note":"","_monsterinsights_sitenote_category":0,"_uf_show_specific_survey":0,"_uf_disable_surveys":false,"jetpack_post_was_ever_published":false,"_jetpack_newsletter_access":"","_jetpack_dont_email_post_to_subs":false,"_jetpack_newsletter_tier_id":0,"_jetpack_memberships_contains_paywalled_content":false,"_jetpack_memberships_contains_paid_content":false,"footnotes":"","jetpack_publicize_message":"","jetpack_publicize_feature_enabled":true,"jetpack_social_post_already_shared":false,"jetpack_social_options":{"image_generator_settings":{"template":"highway","default_image_id":0,"font":"","enabled":false},"version":2}},"categories":[21],"tags":[],"class_list":["post-48239","post","type-post","status-publish","format-standard","has-post-thumbnail","hentry","category-locales"],"aioseo_notices":[],"views":9,"jetpack_publicize_connections":[],"jetpack_featured_media_url":"https:\/\/i0.wp.com\/elterritorialweb.com.ar\/web\/wp-content\/uploads\/2023\/01\/desague-1.jpeg?fit=864%2C1536","jetpack_sharing_enabled":true,"_links":{"self":[{"href":"http:\/\/elterritorialweb.com.ar\/web\/wp-json\/wp\/v2\/posts\/48239","targetHints":{"allow":["GET"]}}],"collection":[{"href":"http:\/\/elterritorialweb.com.ar\/web\/wp-json\/wp\/v2\/posts"}],"about":[{"href":"http:\/\/elterritorialweb.com.ar\/web\/wp-json\/wp\/v2\/types\/post"}],"author":[{"embeddable":true,"href":"http:\/\/elterritorialweb.com.ar\/web\/wp-json\/wp\/v2\/users\/2"}],"replies":[{"embeddable":true,"href":"http:\/\/elterritorialweb.com.ar\/web\/wp-json\/wp\/v2\/comments?post=48239"}],"version-history":[{"count":1,"href":"http:\/\/elterritorialweb.com.ar\/web\/wp-json\/wp\/v2\/posts\/48239\/revisions"}],"predecessor-version":[{"id":48241,"href":"http:\/\/elterritorialweb.com.ar\/web\/wp-json\/wp\/v2\/posts\/48239\/revisions\/48241"}],"wp:featuredmedia":[{"embeddable":true,"href":"http:\/\/elterritorialweb.com.ar\/web\/wp-json\/wp\/v2\/media\/48240"}],"wp:attachment":[{"href":"http:\/\/elterritorialweb.com.ar\/web\/wp-json\/wp\/v2\/media?parent=48239"}],"wp:term":[{"taxonomy":"category","embeddable":true,"href":"http:\/\/elterritorialweb.com.ar\/web\/wp-json\/wp\/v2\/categories?post=48239"},{"taxonomy":"post_tag","embeddable":true,"href":"http:\/\/elterritorialweb.com.ar\/web\/wp-json\/wp\/v2\/tags?post=48239"}],"curies":[{"name":"wp","href":"https:\/\/api.w.org\/{rel}","templated":true}]}}