{"id":48246,"date":"2023-01-23T15:43:44","date_gmt":"2023-01-23T15:43:44","guid":{"rendered":"http:\/\/elterritorialweb.com.ar\/web\/?p=48246"},"modified":"2023-01-23T15:43:45","modified_gmt":"2023-01-23T15:43:45","slug":"alberto-fernandez-latinoamerica-se-fortalece-dijo-tras-su-encuentro-con-lula-da-silva","status":"publish","type":"post","link":"http:\/\/elterritorialweb.com.ar\/web\/alberto-fernandez-latinoamerica-se-fortalece-dijo-tras-su-encuentro-con-lula-da-silva\/","title":{"rendered":"ALBERTO FERN\u00c1NDEZ: \u00abLATINOAM\u00c9RICA SE FORTALECE\u00bb DIJO TRAS SU ENCUENTRO CON LULA DA SILVA"},"content":{"rendered":"\n<p>Tras\u00a0<strong>su encuentro de este lunes con Luiz In\u00e1cio Lula da Silva en Casa Rosada<\/strong>, en el marco de la visita oficial al pa\u00eds del mandatario brasile\u00f1o, el presidente Alberto Fern\u00e1ndez expres\u00f3 que\u00a0<strong>\u00abLatinoam\u00e9rica se fortalece\u00bb<\/strong>\u00a0y<strong>\u00a0que van a \u00abprofundizar la relaci\u00f3n estrat\u00e9gica que une a nuestros pa\u00edses\u00bb<\/strong>. Su hom\u00f3logo, en tanto, consider\u00f3 a Argentina\u00a0<strong>\u00abun pa\u00eds hermano\u00bb<\/strong>\u00a0y adelant\u00f3 que\u00a0<strong>\u00abvamos a trabajar juntos\u00bb<\/strong>.<\/p>\n\n\n\n<p><strong>\u00abQu\u00e9 alegr\u00eda volver a verte, hermano\u00bb<\/strong>, escribi\u00f3 el Presidente en su cuenta de Twitter, donde comparti\u00f3 una foto del encuentro con su par brasile\u00f1o.<strong>\u00a0\u00abVamos a profundizar la relaci\u00f3n estrat\u00e9gica que une a nuestros pa\u00edses. Latinoam\u00e9rica se fortalece\u00bb<\/strong>, a\u00f1adi\u00f3.<\/p>\n\n\n\n<figure class=\"wp-block-embed is-type-rich is-provider-twitter wp-block-embed-twitter\"><div class=\"wp-block-embed__wrapper\">\n<blockquote class=\"twitter-tweet\" data-width=\"550\" data-dnt=\"true\"><p lang=\"es\" dir=\"ltr\">Qu\u00e9 alegr\u00eda volver a verte, hermano <a href=\"https:\/\/twitter.com\/LulaOficial?ref_src=twsrc%5Etfw\">@LulaOficial<\/a> \u2665\ufe0f<br><br>Vamos a profundizar la relaci\u00f3n estr\u00e1tegica que une a nuestros pa\u00edses. Latinoam\u00e9rica se fortalece. <a href=\"https:\/\/twitter.com\/hashtag\/BienvenidoLula?src=hash&amp;ref_src=twsrc%5Etfw\">#BienvenidoLula<\/a> <a href=\"https:\/\/t.co\/dBPWLUtaZm\">pic.twitter.com\/dBPWLUtaZm<\/a><\/p>&mdash; Alberto Fern\u00e1ndez (@alferdez) <a href=\"https:\/\/twitter.com\/alferdez\/status\/1617532293228232704?ref_src=twsrc%5Etfw\">January 23, 2023<\/a><\/blockquote><script async src=\"https:\/\/platform.twitter.com\/widgets.js\" charset=\"utf-8\"><\/script>\n<\/div><\/figure>\n\n\n\n<p>Por su parte, Lula tambi\u00e9n comparti\u00f3 en redes una foto del encuentro.&nbsp;<strong>\u00abSiendo recibido por mi amigo y presidente de Argentina, Alberto Fern\u00e1ndez. Un pa\u00eds hermano de Brasil. Vamos a trabajar juntos\u00bb<\/strong>, afirm\u00f3.<\/p>\n\n\n\n<p>La reuni\u00f3n bilateral entre ambos mandatarios comenz\u00f3 hacia las 11 y se trataron varios temas de la agenda. M\u00e1s tarde,\u00a0<strong>Lula se reunir\u00e1 con Cristina Kirchner en el Senado<\/strong>.<\/p>\n\n\n\n<p>Tras la bilateral, en el Sal\u00f3n Blanco, ambos mandatarios encabezar\u00e1n la firma, junto a ministros de diferentes carteras, de acuerdos para&nbsp;<strong>cooperaci\u00f3n en Soberan\u00eda Energ\u00e9tica e Integraci\u00f3n Financiera, Defensa, Salud, Ciencia, Tecnolog\u00eda e Innovaci\u00f3n, y Cooperaci\u00f3n Ant\u00e1rtica&nbsp;<\/strong>y brindar\u00e1n una conferencia de prensa donde dar\u00e1n m\u00e1s detalles sobre estos convenios.<\/p>\n","protected":false},"excerpt":{"rendered":"<p>Los presidentes de Argentina y Brasil se reunieron en Casa Rosada, en la previa de la VII Cumbre de la Celac. Los mandatarios se\u00f1alaron que \u00abLatinoam\u00e9rica se fortalece\u00bb y que van a \u00abtrabajar juntos\u00bb.<\/p>\n","protected":false},"author":2,"featured_media":48247,"comment_status":"open","ping_status":"open","sticky":false,"template":"","format":"standard","meta":{"om_disable_all_campaigns":false,"_monsterinsights_skip_tracking":false,"_monsterinsights_sitenote_active":false,"_monsterinsights_sitenote_note":"","_monsterinsights_sitenote_category":0,"_uf_show_specific_survey":0,"_uf_disable_surveys":false,"jetpack_post_was_ever_published":false,"_jetpack_newsletter_access":"","_jetpack_dont_email_post_to_subs":false,"_jetpack_newsletter_tier_id":0,"_jetpack_memberships_contains_paywalled_content":false,"_jetpack_memberships_contains_paid_content":false,"footnotes":"","jetpack_publicize_message":"","jetpack_publicize_feature_enabled":true,"jetpack_social_post_already_shared":false,"jetpack_social_options":{"image_generator_settings":{"template":"highway","default_image_id":0,"font":"","enabled":false},"version":2}},"categories":[4,18],"tags":[],"class_list":["post-48246","post","type-post","status-publish","format-standard","has-post-thumbnail","hentry","category-destacadas","category-politica"],"aioseo_notices":[],"views":14,"jetpack_publicize_connections":[],"jetpack_featured_media_url":"https:\/\/i0.wp.com\/elterritorialweb.com.ar\/web\/wp-content\/uploads\/2023\/01\/FnKhClBXoAAww3L.jpeg?fit=1366%2C2048","jetpack_sharing_enabled":true,"_links":{"self":[{"href":"http:\/\/elterritorialweb.com.ar\/web\/wp-json\/wp\/v2\/posts\/48246","targetHints":{"allow":["GET"]}}],"collection":[{"href":"http:\/\/elterritorialweb.com.ar\/web\/wp-json\/wp\/v2\/posts"}],"about":[{"href":"http:\/\/elterritorialweb.com.ar\/web\/wp-json\/wp\/v2\/types\/post"}],"author":[{"embeddable":true,"href":"http:\/\/elterritorialweb.com.ar\/web\/wp-json\/wp\/v2\/users\/2"}],"replies":[{"embeddable":true,"href":"http:\/\/elterritorialweb.com.ar\/web\/wp-json\/wp\/v2\/comments?post=48246"}],"version-history":[{"count":1,"href":"http:\/\/elterritorialweb.com.ar\/web\/wp-json\/wp\/v2\/posts\/48246\/revisions"}],"predecessor-version":[{"id":48248,"href":"http:\/\/elterritorialweb.com.ar\/web\/wp-json\/wp\/v2\/posts\/48246\/revisions\/48248"}],"wp:featuredmedia":[{"embeddable":true,"href":"http:\/\/elterritorialweb.com.ar\/web\/wp-json\/wp\/v2\/media\/48247"}],"wp:attachment":[{"href":"http:\/\/elterritorialweb.com.ar\/web\/wp-json\/wp\/v2\/media?parent=48246"}],"wp:term":[{"taxonomy":"category","embeddable":true,"href":"http:\/\/elterritorialweb.com.ar\/web\/wp-json\/wp\/v2\/categories?post=48246"},{"taxonomy":"post_tag","embeddable":true,"href":"http:\/\/elterritorialweb.com.ar\/web\/wp-json\/wp\/v2\/tags?post=48246"}],"curies":[{"name":"wp","href":"https:\/\/api.w.org\/{rel}","templated":true}]}}