{"id":48250,"date":"2023-01-23T18:17:36","date_gmt":"2023-01-23T18:17:36","guid":{"rendered":"http:\/\/elterritorialweb.com.ar\/web\/?p=48250"},"modified":"2023-01-23T18:17:37","modified_gmt":"2023-01-23T18:17:37","slug":"lula-pido-perdon-al-pueblo-argentino-por-las-groserias-de-bolsonaro","status":"publish","type":"post","link":"http:\/\/elterritorialweb.com.ar\/web\/lula-pido-perdon-al-pueblo-argentino-por-las-groserias-de-bolsonaro\/","title":{"rendered":"LULA: \u00abPIDO PERDON AL PUEBLO ARGENTINO POR LAS GROSER\u00cdAS DE BOLSONARO\u00bb"},"content":{"rendered":"\n<p class=\"has-text-align-left\">En la conferencia de prensa posterior al encuentro que mantuvieron en Casa Rosada,&nbsp;<strong>Alberto Fern\u00e1ndez y Lula da Silva<\/strong>&nbsp;intercambiaron elogios y anunciaron una nueva era de cooperaci\u00f3n y fortalecimiento de las relaciones entre ambos pa\u00edses. Adem\u00e1s,&nbsp;<strong>el presidente brasile\u00f1o pidi\u00f3 perd\u00f3n al pueblo argentino \u00abpor las groser\u00edas de Bolsonaro\u00bb y asegur\u00f3 que, a partir de ahora, el pa\u00eds \u00abser\u00e1 tratado con el cari\u00f1o que se merece\u00bb<\/strong>.<\/p>\n\n\n\n<p>El l\u00edder del PT brasile\u00f1o expres\u00f3: \u00abQuiero decirles que en realidad le&nbsp;<strong>estoy pidiendo perd\u00f3n al pueblo argentino por todas las ofensas y groser\u00edas que el anterior presidente<\/strong>, de quien yo digo que es un genocida por la falta de cuidado y de responsabilidad que tuvo durante la pandemia,&nbsp;<strong>le hizo al compa\u00f1ero Alberto Fern\u00e1ndez<\/strong>\u00ab.<\/p>\n\n\n\n<p><strong>\u00abUn pa\u00eds con la grandeza de Brasil, con su extensi\u00f3n territorial, con 6 mil kil\u00f3metros de frontera con Sudam\u00e9rica, que es m\u00e1s grande industrialmente, no tiene derecho de buscarse enemigos\u00bb<\/strong>, sostuvo Lula.<\/p>\n\n\n\n<p>El mandatario del pa\u00eds vecino agreg\u00f3 que \u00abnecesitamos construir amigos, socios y por eso quiero afirmar que&nbsp;<strong>Brasil est\u00e1 nuevamente de brazos abiertos para acoger a los compa\u00f1eros argentinos, en los negocios, la cultura, el f\u00fatbol y en la mantenci\u00f3n de la relaci\u00f3n de amistad que tenemos desde hace tantos a\u00f1os<\/strong>\u00ab.<\/p>\n\n\n\n<p><strong>\u00abGracias a Dios los argentinos volvieron a Santa Catarina y espero que alg\u00fan d\u00eda conozcan mi estado de Pernambuco y puedan conocer el nordeste brasile\u00f1o\u00bb<\/strong>, a\u00f1adi\u00f3, con una sonrisa.<\/p>\n","protected":false},"excerpt":{"rendered":"<p>Tras el encuentro con Alberto Fern\u00e1ndez, el presidente brasile\u00f1o asegur\u00f3 que, a partir de ahora, \u00abArgentina ser\u00e1 tratada con el cari\u00f1o que se merece\u00bb.<\/p>\n","protected":false},"author":2,"featured_media":48251,"comment_status":"open","ping_status":"open","sticky":false,"template":"","format":"standard","meta":{"om_disable_all_campaigns":false,"_monsterinsights_skip_tracking":false,"_monsterinsights_sitenote_active":false,"_monsterinsights_sitenote_note":"","_monsterinsights_sitenote_category":0,"_uf_show_specific_survey":0,"_uf_disable_surveys":false,"jetpack_post_was_ever_published":false,"_jetpack_newsletter_access":"","_jetpack_dont_email_post_to_subs":false,"_jetpack_newsletter_tier_id":0,"_jetpack_memberships_contains_paywalled_content":false,"_jetpack_memberships_contains_paid_content":false,"footnotes":"","jetpack_publicize_message":"","jetpack_publicize_feature_enabled":true,"jetpack_social_post_already_shared":false,"jetpack_social_options":{"image_generator_settings":{"template":"highway","default_image_id":0,"font":"","enabled":false},"version":2}},"categories":[4,18],"tags":[],"class_list":["post-48250","post","type-post","status-publish","format-standard","has-post-thumbnail","hentry","category-destacadas","category-politica"],"aioseo_notices":[],"views":10,"jetpack_publicize_connections":[],"jetpack_featured_media_url":"https:\/\/i0.wp.com\/elterritorialweb.com.ar\/web\/wp-content\/uploads\/2023\/01\/Screenshot_20230123-1457522.png?fit=884%2C532","jetpack_sharing_enabled":true,"_links":{"self":[{"href":"http:\/\/elterritorialweb.com.ar\/web\/wp-json\/wp\/v2\/posts\/48250","targetHints":{"allow":["GET"]}}],"collection":[{"href":"http:\/\/elterritorialweb.com.ar\/web\/wp-json\/wp\/v2\/posts"}],"about":[{"href":"http:\/\/elterritorialweb.com.ar\/web\/wp-json\/wp\/v2\/types\/post"}],"author":[{"embeddable":true,"href":"http:\/\/elterritorialweb.com.ar\/web\/wp-json\/wp\/v2\/users\/2"}],"replies":[{"embeddable":true,"href":"http:\/\/elterritorialweb.com.ar\/web\/wp-json\/wp\/v2\/comments?post=48250"}],"version-history":[{"count":1,"href":"http:\/\/elterritorialweb.com.ar\/web\/wp-json\/wp\/v2\/posts\/48250\/revisions"}],"predecessor-version":[{"id":48252,"href":"http:\/\/elterritorialweb.com.ar\/web\/wp-json\/wp\/v2\/posts\/48250\/revisions\/48252"}],"wp:featuredmedia":[{"embeddable":true,"href":"http:\/\/elterritorialweb.com.ar\/web\/wp-json\/wp\/v2\/media\/48251"}],"wp:attachment":[{"href":"http:\/\/elterritorialweb.com.ar\/web\/wp-json\/wp\/v2\/media?parent=48250"}],"wp:term":[{"taxonomy":"category","embeddable":true,"href":"http:\/\/elterritorialweb.com.ar\/web\/wp-json\/wp\/v2\/categories?post=48250"},{"taxonomy":"post_tag","embeddable":true,"href":"http:\/\/elterritorialweb.com.ar\/web\/wp-json\/wp\/v2\/tags?post=48250"}],"curies":[{"name":"wp","href":"https:\/\/api.w.org\/{rel}","templated":true}]}}