{"id":48253,"date":"2023-01-24T01:40:28","date_gmt":"2023-01-24T01:40:28","guid":{"rendered":"http:\/\/elterritorialweb.com.ar\/web\/?p=48253"},"modified":"2023-01-24T01:41:21","modified_gmt":"2023-01-24T01:41:21","slug":"los-casos-de-coronavirus-bajaron-un-55-en-la-ultima-semana","status":"publish","type":"post","link":"http:\/\/elterritorialweb.com.ar\/web\/los-casos-de-coronavirus-bajaron-un-55-en-la-ultima-semana\/","title":{"rendered":"LOS CASOS DE CORONAVIRUS BAJARON UN 55% EN LA \u00daLTIMA SEMANA EN ARGENTINA"},"content":{"rendered":"\n<p>El Ministerio de Salud inform\u00f3 que\u00a0<strong>se contabilizaron 8.614 nuevos contagios de Covid-19 en Argentina en los \u00faltimos siete d\u00edas<\/strong>, lo que representa\u00a0una disminuci\u00f3n del 55% con respecto a los 19.416 casos de la semana anterior.<\/p>\n\n\n\n<p>La cartera sanitaria, que encabeza la ministra Carla Vizzotti,\u00a0<strong>inform\u00f3 2.159 casos en la provincia de Buenos Aires<\/strong>, 1.505 en C\u00f3rdoba, 697 en Santa Fe, 521 en la Ciudad de Buenos Aires, 470 en Tucum\u00e1n, 417 en San Juan, 331 en Mendoza, 314 en Chaco, 287 en Misiones, 275 en Formosa, entre otras.<\/p>\n\n\n\n<p>En cuanto a la cantidad de fallecimientos,&nbsp;<strong>disminuyeron un 37% en relaci\u00f3n a la semana pasada<\/strong>: en los \u00faltimos siete d\u00edas hubo 56. De las cuales 17 de ellas se produjeron en la provincia de Buenos Aires; ocho en Neuqu\u00e9n; cuatro en Chaco, Mendoza y R\u00edo Negro; tres en C\u00f3rdoba y Santa Fe; dos en Ciudad de Buenos Aires, Entre R\u00edos, La Pampa, San Luis y Santiago del Estero; uno en Misiones, Salta y San Juan.<\/p>\n\n\n\n<p>El Ministerio de Salud comunic\u00f3 que&nbsp;<strong>se encuentran 363 personas internadas en unidades de terapia intensiva<\/strong>. De esta manera, la ocupaci\u00f3n de camas UTI lleg\u00f3 al 41,1% seg\u00fan todas las patalog\u00edas, en el sector p\u00fabico y privado.<\/p>\n\n\n\n<h3 class=\"wp-block-heading\">Las cifras del Covid-19 en Argentina:<\/h3>\n\n\n\n<p>El 20 de marzo de 2020 el presidente Alberto Fern\u00e1ndez decret\u00f3 la pandemia de Covid-19 en Argentina. Desde ese momento,&nbsp;<strong>en el pa\u00eds hubo 10.032.709 contagios y 130.394 muertes<\/strong>.<\/p>\n","protected":false},"excerpt":{"rendered":"<p>El informe de la cartera sanitaria registr\u00f3 8.614 casos de coronavirus y 56 fallecidos en siete d\u00edas.<\/p>\n","protected":false},"author":2,"featured_media":29786,"comment_status":"open","ping_status":"open","sticky":false,"template":"","format":"standard","meta":{"om_disable_all_campaigns":false,"_monsterinsights_skip_tracking":false,"_monsterinsights_sitenote_active":false,"_monsterinsights_sitenote_note":"","_monsterinsights_sitenote_category":0,"_uf_show_specific_survey":0,"_uf_disable_surveys":false,"jetpack_post_was_ever_published":false,"_jetpack_newsletter_access":"","_jetpack_dont_email_post_to_subs":false,"_jetpack_newsletter_tier_id":0,"_jetpack_memberships_contains_paywalled_content":false,"_jetpack_memberships_contains_paid_content":false,"footnotes":"","jetpack_publicize_message":"","jetpack_publicize_feature_enabled":true,"jetpack_social_post_already_shared":false,"jetpack_social_options":{"image_generator_settings":{"template":"highway","default_image_id":0,"font":"","enabled":false},"version":2}},"categories":[3],"tags":[],"class_list":["post-48253","post","type-post","status-publish","format-standard","has-post-thumbnail","hentry","category-salud"],"aioseo_notices":[],"views":14,"jetpack_publicize_connections":[],"jetpack_featured_media_url":"https:\/\/i0.wp.com\/elterritorialweb.com.ar\/web\/wp-content\/uploads\/2021\/11\/NUEVOS-CASOS-3-DE-NOVIEMBRE.jpg?fit=680%2C453","jetpack_sharing_enabled":true,"_links":{"self":[{"href":"http:\/\/elterritorialweb.com.ar\/web\/wp-json\/wp\/v2\/posts\/48253","targetHints":{"allow":["GET"]}}],"collection":[{"href":"http:\/\/elterritorialweb.com.ar\/web\/wp-json\/wp\/v2\/posts"}],"about":[{"href":"http:\/\/elterritorialweb.com.ar\/web\/wp-json\/wp\/v2\/types\/post"}],"author":[{"embeddable":true,"href":"http:\/\/elterritorialweb.com.ar\/web\/wp-json\/wp\/v2\/users\/2"}],"replies":[{"embeddable":true,"href":"http:\/\/elterritorialweb.com.ar\/web\/wp-json\/wp\/v2\/comments?post=48253"}],"version-history":[{"count":2,"href":"http:\/\/elterritorialweb.com.ar\/web\/wp-json\/wp\/v2\/posts\/48253\/revisions"}],"predecessor-version":[{"id":48255,"href":"http:\/\/elterritorialweb.com.ar\/web\/wp-json\/wp\/v2\/posts\/48253\/revisions\/48255"}],"wp:featuredmedia":[{"embeddable":true,"href":"http:\/\/elterritorialweb.com.ar\/web\/wp-json\/wp\/v2\/media\/29786"}],"wp:attachment":[{"href":"http:\/\/elterritorialweb.com.ar\/web\/wp-json\/wp\/v2\/media?parent=48253"}],"wp:term":[{"taxonomy":"category","embeddable":true,"href":"http:\/\/elterritorialweb.com.ar\/web\/wp-json\/wp\/v2\/categories?post=48253"},{"taxonomy":"post_tag","embeddable":true,"href":"http:\/\/elterritorialweb.com.ar\/web\/wp-json\/wp\/v2\/tags?post=48253"}],"curies":[{"name":"wp","href":"https:\/\/api.w.org\/{rel}","templated":true}]}}