{"id":48256,"date":"2023-01-24T01:55:09","date_gmt":"2023-01-24T01:55:09","guid":{"rendered":"http:\/\/elterritorialweb.com.ar\/web\/?p=48256"},"modified":"2023-01-24T01:55:10","modified_gmt":"2023-01-24T01:55:10","slug":"brian-farioli-se-convirtio-en-nuevo-jugador-de-central-cordoba","status":"publish","type":"post","link":"http:\/\/elterritorialweb.com.ar\/web\/brian-farioli-se-convirtio-en-nuevo-jugador-de-central-cordoba\/","title":{"rendered":"BRIAN FARIOLI SE CONVIRTI\u00d3 EN NUEVO JUGADOR DE CENTRAL C\u00d3RDOBA"},"content":{"rendered":"\n<p><strong>Central C\u00f3rdoba<\/strong>&nbsp;sigue sumando refuerzos a pocos d\u00edas de su debut en la temporada 2023 de la&nbsp;<strong>Liga Profesional de F\u00fatbol<\/strong>. El que se sum\u00f3 ahora es el mediocampista&nbsp;<strong>Brian Farioli<\/strong>, quien lleg\u00f3 a&nbsp;<strong>Santiago del Estero<\/strong>, firm\u00f3 su contrato y ya trabaj\u00f3 con el plantel santiague\u00f1o.<\/p>\n\n\n\n<p>El futbolista de 24 a\u00f1os llega a pr\u00e9stamo con una opci\u00f3n de compra y firm\u00f3 un contrato que lo vincular\u00e1 al club hasta el 31 de diciembre de 2023. El mediocampista se inici\u00f3 en Col\u00f3n de Santa Fe y en la \u00faltima temporada tuvo un paso por Arsenal de Sarandi.<\/p>\n","protected":false},"excerpt":{"rendered":"<p>El mediocampista sell\u00f3 su v\u00ednculo con el club hasta fin de a\u00f1o.<\/p>\n","protected":false},"author":2,"featured_media":48257,"comment_status":"open","ping_status":"open","sticky":false,"template":"","format":"standard","meta":{"om_disable_all_campaigns":false,"_monsterinsights_skip_tracking":false,"_monsterinsights_sitenote_active":false,"_monsterinsights_sitenote_note":"","_monsterinsights_sitenote_category":0,"_uf_show_specific_survey":0,"_uf_disable_surveys":false,"jetpack_post_was_ever_published":false,"_jetpack_newsletter_access":"","_jetpack_dont_email_post_to_subs":false,"_jetpack_newsletter_tier_id":0,"_jetpack_memberships_contains_paywalled_content":false,"_jetpack_memberships_contains_paid_content":false,"footnotes":"","jetpack_publicize_message":"","jetpack_publicize_feature_enabled":true,"jetpack_social_post_already_shared":false,"jetpack_social_options":{"image_generator_settings":{"template":"highway","default_image_id":0,"font":"","enabled":false},"version":2}},"categories":[6],"tags":[],"class_list":["post-48256","post","type-post","status-publish","format-standard","has-post-thumbnail","hentry","category-deportes"],"aioseo_notices":[],"views":12,"jetpack_publicize_connections":[],"jetpack_featured_media_url":"https:\/\/i0.wp.com\/elterritorialweb.com.ar\/web\/wp-content\/uploads\/2023\/01\/IMG-20230123-WA0013.jpg?fit=1600%2C1072","jetpack_sharing_enabled":true,"_links":{"self":[{"href":"http:\/\/elterritorialweb.com.ar\/web\/wp-json\/wp\/v2\/posts\/48256","targetHints":{"allow":["GET"]}}],"collection":[{"href":"http:\/\/elterritorialweb.com.ar\/web\/wp-json\/wp\/v2\/posts"}],"about":[{"href":"http:\/\/elterritorialweb.com.ar\/web\/wp-json\/wp\/v2\/types\/post"}],"author":[{"embeddable":true,"href":"http:\/\/elterritorialweb.com.ar\/web\/wp-json\/wp\/v2\/users\/2"}],"replies":[{"embeddable":true,"href":"http:\/\/elterritorialweb.com.ar\/web\/wp-json\/wp\/v2\/comments?post=48256"}],"version-history":[{"count":1,"href":"http:\/\/elterritorialweb.com.ar\/web\/wp-json\/wp\/v2\/posts\/48256\/revisions"}],"predecessor-version":[{"id":48258,"href":"http:\/\/elterritorialweb.com.ar\/web\/wp-json\/wp\/v2\/posts\/48256\/revisions\/48258"}],"wp:featuredmedia":[{"embeddable":true,"href":"http:\/\/elterritorialweb.com.ar\/web\/wp-json\/wp\/v2\/media\/48257"}],"wp:attachment":[{"href":"http:\/\/elterritorialweb.com.ar\/web\/wp-json\/wp\/v2\/media?parent=48256"}],"wp:term":[{"taxonomy":"category","embeddable":true,"href":"http:\/\/elterritorialweb.com.ar\/web\/wp-json\/wp\/v2\/categories?post=48256"},{"taxonomy":"post_tag","embeddable":true,"href":"http:\/\/elterritorialweb.com.ar\/web\/wp-json\/wp\/v2\/tags?post=48256"}],"curies":[{"name":"wp","href":"https:\/\/api.w.org\/{rel}","templated":true}]}}