{"id":48259,"date":"2023-01-24T02:03:45","date_gmt":"2023-01-24T02:03:45","guid":{"rendered":"http:\/\/elterritorialweb.com.ar\/web\/?p=48259"},"modified":"2023-01-24T02:03:46","modified_gmt":"2023-01-24T02:03:46","slug":"intensifican-el-mejoramiento-de-calles-de-la-ciudad-de-la-banda","status":"publish","type":"post","link":"http:\/\/elterritorialweb.com.ar\/web\/intensifican-el-mejoramiento-de-calles-de-la-ciudad-de-la-banda\/","title":{"rendered":"INTENSIFICAN EL MEJORAMIENTO DE CALLES DE LA CIUDAD DE LA BANDA"},"content":{"rendered":"\n<p>En este sentido, el jefe comunal bande\u00f1o indic\u00f3 que desde el desarrollo de su campa\u00f1a electoral se puso \u00e9nfasis en dar cumplimiento a uno de los principales pedidos de los vecinos en lo que tiene que ver con el mejoramiento de la infraestructura p\u00fablica de la ciudad.<br>La Municipalidad de La Banda a trav\u00e9s de la Secretar\u00eda de Obras P\u00fablicas, realiz\u00f3 durante los \u00faltimos d\u00edas trabajos de perfilado en las calles Primero Jos\u00e9, 2 de Septiembre, Jorge Garc\u00eda y Alf\u00e9rez V\u00e1zquez del barrio Primero de Mayo, calle Ram\u00f3n Ch\u00e1vez y variadas arterias del barrio Salta Prolongaci\u00f3n y de El Polear.<br>Mientras que las tareas de bacheo se concretaron en Laprida y Ameghino, Ram\u00f3n Ch\u00e1vez, 25 de mayo y Julio Jerez en la calle Berutti y Coronel Rivas tambi\u00e9n en calle Espa\u00f1a y San Isidro.<br>En este sentido, Nediani manifest\u00f3: \u201cQueremos destacar la importancia de estas acciones y transmitirles a los vecinos las precauciones y el cuidado de las obras para lograr la durabilidad correspondiente de la misma, todas las obras y mejoramientos que realizamos en la ciudad debemos cuidarlos, teniendo la precauci\u00f3n necesaria y evitando transitar por las mismas hasta una vez concluidas\u201d.<\/p>\n\n\n\n<p>T\u00cdTULO: La comuna brinda clases gratuitas de apoyo escolar para todos los estudiantes bande\u00f1os<\/p>\n\n\n\n<p>Desde la municipalidad de La Banda, se destaca la importancia de la educaci\u00f3n como una de las bases fundamentales de la gesti\u00f3n del intendente Roger Nediani, por eso motivo siguen habilitados los espacios que brindan clases gratuitas de apoyo escolar para todos los estudiantes de la cuidad de La Banda.<br>La Direcci\u00f3n de la Juventud dependiente de la Secretar\u00eda de Gobierno, brindar\u00e1 clases gratuitas de apoyo escolar dos espacios situados en diferentes sectores de la ciudad, en la biblioteca del barrio San Fernando \u00abAda Nilda Alderete\u00bb situada en A\u00f1atuya y Sumampa (al lado de la Comisar\u00eda N\u00b0 47) en el horario de lunes a viernes de 8 a 10, como as\u00ed tambi\u00e9n en las instalaciones de la Direcci\u00f3n de la Juventud situada en San Carlos N\u00b0 253 de 17 a 20.<br>La Direcci\u00f3n de Cultura, lleva a cabo clases de apoyo gratuitas del idioma franc\u00e9s para los alumnos de la ciudad que deben presentarse a rendir ex\u00e1menes. En este sentido, el director de Cultura, Alejandro Jozami, indic\u00f3 que las clases ser\u00e1n dictadas por la profesora Mar\u00eda Victoria Llugdar de lunes a viernes de 10 a 11 en las instalaciones del \u00e1rea, sita en calle Irigoyen (N) N\u00b0 235 (entre Alberdi y San Carlos), los interesados pueden comunicarse al celular 3855973460.<br>Cabe destacar, que desde la casa del bicentenario se dictar\u00e1n clases de lengua y literatura con la profesora Roci\u00f3 Pato, tambi\u00e9n de ingl\u00e9s con la profesora Marita Stefania Pato, nivel primario y secundario los d\u00edas martes y jueves 9 a 11.<\/p>\n\n\n\n<p>T\u00cdTULO: La Municipalidad de La Banda dio a conocer el cronograma de fumigaci\u00f3n para esta semana<\/p>\n\n\n\n<p>El personal de la Secretar\u00eda de Servicios P\u00fablicos de la Municipalidad de La Banda dio a conocer el cronograma de fumigaci\u00f3n correspondiente a la semana del lunes 23 al viernes 27.<br>Estas acciones son impulsadas desde la gesti\u00f3n del intendente Roger Nediani con el objetivo de complementar los trabajos de limpieza que refuerzan las actividades de las campa\u00f1as de lucha contra que el dengue previniendo la reproducci\u00f3n del vector transmisor de esta enfermedad.<br>Durante la jornada del lunes 23, los empleados trabajar\u00e1n en los barrios Los Lagos, Villa Juana, Villa Raquel, Los Naranjos e Independencia.<br>El martes 24 fumigar\u00e1n en los barrios San Martin (Norte y Sur), Cuadrante de Mitre, Av. Besares, Quintanas y Necochea.<br>El mi\u00e9rcoles 25 dicha tarea se desarrollar\u00e1 en los barrios Misqui Mayu, Parque Industrial, San Carlos, Uni\u00f3n Ferroviario, Santa Clara y El Bosque.<br>El jueves 26, continuar\u00e1n en los sectores de los barrios Mama Antula, Las Moras, 25 de Mayo 540 Viviendas.<br>Este cronograma semanal finalizar\u00e1 el viernes 27 en los barrios Gorrini (Viejo y Ampliaci\u00f3n), Cabildo, Quilmes y Jerarquizado Municipal.<br>Desde la secretar\u00eda, recuerdan a los vecinos tapar los dep\u00f3sitos de agua para evitar la reproducci\u00f3n de los mosquitos y de la misma manera, solicitaron colaboraci\u00f3n para el bienestar de todos mediante la limpieza de las viviendas, eliminar o voltear recipientes donde pueda acumularse agua y mantener el c\u00e9sped bajo.<\/p>\n\n\n\n<p>TITULO: \u201cLa Casa Sixto Palavecino\u201d actuar\u00e1 la primera noche del Festival Nacional de La Salamanca<\/p>\n\n\n\n<p>La Comisi\u00f3n Organizadora del 31\u00ba Festival Nacional de La Salamanca informa la participaci\u00f3n en el mismo de los alumnos de la \u201cCasa de Arte y Cultura con Inclusi\u00f3n Sixto Palavecino\u201d quienes mostrar\u00e1n sus destrezas en la danza en Jacinto Piedra.<br>En este sentido, la profesora y cantante, Alicia Pereyra quien est\u00e1 a cargo de las personas con discapacidad de mencionada instituci\u00f3n, anticip\u00f3 que se presentar\u00e1n el jueves 2, noche de inicio del festival, donde bailar\u00e1n a puro folclore.<br>Asimismo, dijo: \u201cEste a\u00f1o nuestro taller cumple 15 desde que lo fundamos, y participar del festival es algo que nos enorgullece y es la mejor forma para nosotros comenzar su celebraci\u00f3n mostrando un poco de lo que se trabaja, de lo que venimos aprendiendo. Los chicos est\u00e1n muy entusiasmados de participar de este evento de tal magnitud, el cual es un festival inclusivo en toda la provincia y en el que venimos participando a\u00f1o tras a\u00f1o\u00bb.<\/p>\n","protected":false},"excerpt":{"rendered":"<p>En el marco del Plan de Mejoramiento de Calles, el intendente Roger Nediani destac\u00f3 la importante inversi\u00f3n que se est\u00e1 realizando en la ciudad en lo que hace a pavimentaci\u00f3n y saneamiento integral de las calles de diferentes puntos de la ciudad.<\/p>\n","protected":false},"author":2,"featured_media":48260,"comment_status":"open","ping_status":"open","sticky":false,"template":"","format":"standard","meta":{"om_disable_all_campaigns":false,"_monsterinsights_skip_tracking":false,"_monsterinsights_sitenote_active":false,"_monsterinsights_sitenote_note":"","_monsterinsights_sitenote_category":0,"_uf_show_specific_survey":0,"_uf_disable_surveys":false,"jetpack_post_was_ever_published":false,"_jetpack_newsletter_access":"","_jetpack_dont_email_post_to_subs":false,"_jetpack_newsletter_tier_id":0,"_jetpack_memberships_contains_paywalled_content":false,"_jetpack_memberships_contains_paid_content":false,"footnotes":"","jetpack_publicize_message":"","jetpack_publicize_feature_enabled":true,"jetpack_social_post_already_shared":false,"jetpack_social_options":{"image_generator_settings":{"template":"highway","default_image_id":0,"font":"","enabled":false},"version":2}},"categories":[9],"tags":[],"class_list":["post-48259","post","type-post","status-publish","format-standard","has-post-thumbnail","hentry","category-banda"],"aioseo_notices":[],"views":11,"jetpack_publicize_connections":[],"jetpack_featured_media_url":"https:\/\/i0.wp.com\/elterritorialweb.com.ar\/web\/wp-content\/uploads\/2023\/01\/IMG-20230123-WA0006.jpg?fit=1600%2C900","jetpack_sharing_enabled":true,"_links":{"self":[{"href":"http:\/\/elterritorialweb.com.ar\/web\/wp-json\/wp\/v2\/posts\/48259","targetHints":{"allow":["GET"]}}],"collection":[{"href":"http:\/\/elterritorialweb.com.ar\/web\/wp-json\/wp\/v2\/posts"}],"about":[{"href":"http:\/\/elterritorialweb.com.ar\/web\/wp-json\/wp\/v2\/types\/post"}],"author":[{"embeddable":true,"href":"http:\/\/elterritorialweb.com.ar\/web\/wp-json\/wp\/v2\/users\/2"}],"replies":[{"embeddable":true,"href":"http:\/\/elterritorialweb.com.ar\/web\/wp-json\/wp\/v2\/comments?post=48259"}],"version-history":[{"count":1,"href":"http:\/\/elterritorialweb.com.ar\/web\/wp-json\/wp\/v2\/posts\/48259\/revisions"}],"predecessor-version":[{"id":48261,"href":"http:\/\/elterritorialweb.com.ar\/web\/wp-json\/wp\/v2\/posts\/48259\/revisions\/48261"}],"wp:featuredmedia":[{"embeddable":true,"href":"http:\/\/elterritorialweb.com.ar\/web\/wp-json\/wp\/v2\/media\/48260"}],"wp:attachment":[{"href":"http:\/\/elterritorialweb.com.ar\/web\/wp-json\/wp\/v2\/media?parent=48259"}],"wp:term":[{"taxonomy":"category","embeddable":true,"href":"http:\/\/elterritorialweb.com.ar\/web\/wp-json\/wp\/v2\/categories?post=48259"},{"taxonomy":"post_tag","embeddable":true,"href":"http:\/\/elterritorialweb.com.ar\/web\/wp-json\/wp\/v2\/tags?post=48259"}],"curies":[{"name":"wp","href":"https:\/\/api.w.org\/{rel}","templated":true}]}}