{"id":48262,"date":"2023-01-24T17:43:14","date_gmt":"2023-01-24T17:43:14","guid":{"rendered":"http:\/\/elterritorialweb.com.ar\/web\/?p=48262"},"modified":"2023-01-24T17:43:15","modified_gmt":"2023-01-24T17:43:15","slug":"nominaron-a-argentina-1985-a-los-premios-oscar-2023","status":"publish","type":"post","link":"http:\/\/elterritorialweb.com.ar\/web\/nominaron-a-argentina-1985-a-los-premios-oscar-2023\/","title":{"rendered":"NOMINARON A \u00abARGENTINA, 1985\u00bb A LOS PREMIOS OSCAR 2023"},"content":{"rendered":"\n<p><a href=\"http:\/\/elterritorialweb.com.ar\/web\/argentina-1985-gano-el-globo-de-oro-a-la-mejor-pelicula-extranjera\/\" data-type=\"URL\" data-id=\"http:\/\/elterritorialweb.com.ar\/web\/argentina-1985-gano-el-globo-de-oro-a-la-mejor-pelicula-extranjera\/\">Despu\u00e9s de ganar el\u00a0Globo de Oro como mejor pel\u00edcula extranjera, el film\u00a0\u00abArgentina, <strong>1985&#8243;<\/strong>\u00a0<\/a><strong>qued\u00f3 nominada a los premios Oscar 2023<\/strong>. El cine nacional compite por obtener un nuevo galard\u00f3n, despu\u00e9s de conseguirlo con \u00abLa Historia Oficial\u00bb y el \u00abSecreto de sus ojos\u00bb.<\/p>\n\n\n\n<p>El cine nacional, obtuvo este galard\u00f3n con las pel\u00edculas\u00a0<strong>\u00abLa Historia Oficial\u00bb<\/strong>, de Luis Puenzo en 1986 y\u00a0<strong>\u00abEl Secreto de tus Ojos\u00bb<\/strong>, de Juan Jos\u00e9 Campanella en 2009.<strong>\u00a0\u00abArgentina, 1985\u00bb<\/strong>\u00a0de Santiago Mitre puede consagrarse nuevamente y obtener el premio a mejor pel\u00edcula extranjera este a\u00f1o.<\/p>\n\n\n\n<p>La pel\u00edcula, que\u00a0<strong>fue la m\u00e1s vista de 2022 en salas nacionales,\u00a0<\/strong>obtuvo tambi\u00e9n nominaciones en los Goya y los Critics&#8217; Choice Awards. El drama hist\u00f3rico tuvo un amplio recorrido por festivales internacionales desde su estreno en salas el 29 de septiembre pasado, como en el Festival de Venecia, el de San Sebasti\u00e1n -donde se alz\u00f3 con el Premio del P\u00fablico-, el Festival de Cine del BFI de Londres y el Festival Internacional de Cine R\u00edo, entre otros.<\/p>\n","protected":false},"excerpt":{"rendered":"<p>El film de Santiago Mitre, protagonizado por Ricardo Dar\u00edn y Peter Lanzani, consigui\u00f3 un lugar entre las candidatas. El pr\u00f3ximo 12 de marzo se conocer\u00e1n a los ganadores. El cine nacional compite por obtener un nuevo galard\u00f3n, despu\u00e9s de conseguirlo con \u00abLa Historia Oficial\u00bb y el \u00abSecreto de sus ojos\u00bb.<\/p>\n","protected":false},"author":2,"featured_media":48263,"comment_status":"open","ping_status":"open","sticky":false,"template":"","format":"standard","meta":{"om_disable_all_campaigns":false,"_monsterinsights_skip_tracking":false,"_monsterinsights_sitenote_active":false,"_monsterinsights_sitenote_note":"","_monsterinsights_sitenote_category":0,"_uf_show_specific_survey":0,"_uf_disable_surveys":false,"jetpack_post_was_ever_published":false,"_jetpack_newsletter_access":"","_jetpack_dont_email_post_to_subs":false,"_jetpack_newsletter_tier_id":0,"_jetpack_memberships_contains_paywalled_content":false,"_jetpack_memberships_contains_paid_content":false,"footnotes":"","jetpack_publicize_message":"","jetpack_publicize_feature_enabled":true,"jetpack_social_post_already_shared":false,"jetpack_social_options":{"image_generator_settings":{"template":"highway","default_image_id":0,"font":"","enabled":false},"version":2}},"categories":[4,20],"tags":[],"class_list":["post-48262","post","type-post","status-publish","format-standard","has-post-thumbnail","hentry","category-destacadas","category-especysociales"],"aioseo_notices":[],"views":9,"jetpack_publicize_connections":[],"jetpack_featured_media_url":"https:\/\/i0.wp.com\/elterritorialweb.com.ar\/web\/wp-content\/uploads\/2023\/01\/image-4.png?fit=600%2C400","jetpack_sharing_enabled":true,"_links":{"self":[{"href":"http:\/\/elterritorialweb.com.ar\/web\/wp-json\/wp\/v2\/posts\/48262","targetHints":{"allow":["GET"]}}],"collection":[{"href":"http:\/\/elterritorialweb.com.ar\/web\/wp-json\/wp\/v2\/posts"}],"about":[{"href":"http:\/\/elterritorialweb.com.ar\/web\/wp-json\/wp\/v2\/types\/post"}],"author":[{"embeddable":true,"href":"http:\/\/elterritorialweb.com.ar\/web\/wp-json\/wp\/v2\/users\/2"}],"replies":[{"embeddable":true,"href":"http:\/\/elterritorialweb.com.ar\/web\/wp-json\/wp\/v2\/comments?post=48262"}],"version-history":[{"count":1,"href":"http:\/\/elterritorialweb.com.ar\/web\/wp-json\/wp\/v2\/posts\/48262\/revisions"}],"predecessor-version":[{"id":48264,"href":"http:\/\/elterritorialweb.com.ar\/web\/wp-json\/wp\/v2\/posts\/48262\/revisions\/48264"}],"wp:featuredmedia":[{"embeddable":true,"href":"http:\/\/elterritorialweb.com.ar\/web\/wp-json\/wp\/v2\/media\/48263"}],"wp:attachment":[{"href":"http:\/\/elterritorialweb.com.ar\/web\/wp-json\/wp\/v2\/media?parent=48262"}],"wp:term":[{"taxonomy":"category","embeddable":true,"href":"http:\/\/elterritorialweb.com.ar\/web\/wp-json\/wp\/v2\/categories?post=48262"},{"taxonomy":"post_tag","embeddable":true,"href":"http:\/\/elterritorialweb.com.ar\/web\/wp-json\/wp\/v2\/tags?post=48262"}],"curies":[{"name":"wp","href":"https:\/\/api.w.org\/{rel}","templated":true}]}}