{"id":48265,"date":"2023-01-24T20:48:54","date_gmt":"2023-01-24T20:48:54","guid":{"rendered":"http:\/\/elterritorialweb.com.ar\/web\/?p=48265"},"modified":"2023-01-24T20:49:39","modified_gmt":"2023-01-24T20:49:39","slug":"el-30-y-31-de-enero-cobrara-la-administracion-publica-provincial","status":"publish","type":"post","link":"http:\/\/elterritorialweb.com.ar\/web\/el-30-y-31-de-enero-cobrara-la-administracion-publica-provincial\/","title":{"rendered":"EL 30 Y 31 DE ENERO COBRAR\u00c1 LA ADMINISTRACI\u00d3N P\u00daBLICA PROVINCIAL"},"content":{"rendered":"\n<p>El pago de sueldos correspondientes a enero 2023 a los trabajadores de la Administraci\u00f3n P\u00fablica de Santiago del Estero se realizar\u00e1 el pr\u00f3ximo lunes 30 y martes 31 de este mes, conforme a un cronograma elaborado por el Ministerio de Econom\u00eda de la provincia ordenado seg\u00fan el \u00faltimo d\u00edgito del documento nacional de identidad.<br>Como parte de las medidas dispuestas para reducir el riesgo de contagio de Covid-19, el pago se har\u00e1 efectivo en el siguiente orden: A partir de las 8 hs del lunes 30 tendr\u00e1n disponible su dinero las personas con DNI terminados en 0, 1, 2, 3, y 4. Mientras que los finalizados en 5, 6, 7, 8 y 9 podr\u00e1n cobrar desde el martes 31.<br>Se ruega respetar el distanciamiento sanitario aconsejado por la pandemia y tomar todos los recaudos que considere necesarios en resguardo de la salud p\u00fablica.<\/p>\n","protected":false},"excerpt":{"rendered":"<p>Asi lo informaron desde la cartera de econom\u00eda de la provincia de Santiago del Estero.<\/p>\n","protected":false},"author":2,"featured_media":48266,"comment_status":"open","ping_status":"open","sticky":false,"template":"","format":"standard","meta":{"om_disable_all_campaigns":false,"_monsterinsights_skip_tracking":false,"_monsterinsights_sitenote_active":false,"_monsterinsights_sitenote_note":"","_monsterinsights_sitenote_category":0,"_uf_show_specific_survey":0,"_uf_disable_surveys":false,"jetpack_post_was_ever_published":false,"_jetpack_newsletter_access":"","_jetpack_dont_email_post_to_subs":false,"_jetpack_newsletter_tier_id":0,"_jetpack_memberships_contains_paywalled_content":false,"_jetpack_memberships_contains_paid_content":false,"footnotes":"","jetpack_publicize_message":"","jetpack_publicize_feature_enabled":true,"jetpack_social_post_already_shared":false,"jetpack_social_options":{"image_generator_settings":{"template":"highway","default_image_id":0,"font":"","enabled":false},"version":2}},"categories":[4,2],"tags":[],"class_list":["post-48265","post","type-post","status-publish","format-standard","has-post-thumbnail","hentry","category-destacadas","category-economia"],"aioseo_notices":[],"views":18,"jetpack_publicize_connections":[],"jetpack_featured_media_url":"https:\/\/i0.wp.com\/elterritorialweb.com.ar\/web\/wp-content\/uploads\/2023\/01\/IMG_20220128_111847_603-scaled.jpg?fit=1920%2C2560","jetpack_sharing_enabled":true,"_links":{"self":[{"href":"http:\/\/elterritorialweb.com.ar\/web\/wp-json\/wp\/v2\/posts\/48265","targetHints":{"allow":["GET"]}}],"collection":[{"href":"http:\/\/elterritorialweb.com.ar\/web\/wp-json\/wp\/v2\/posts"}],"about":[{"href":"http:\/\/elterritorialweb.com.ar\/web\/wp-json\/wp\/v2\/types\/post"}],"author":[{"embeddable":true,"href":"http:\/\/elterritorialweb.com.ar\/web\/wp-json\/wp\/v2\/users\/2"}],"replies":[{"embeddable":true,"href":"http:\/\/elterritorialweb.com.ar\/web\/wp-json\/wp\/v2\/comments?post=48265"}],"version-history":[{"count":1,"href":"http:\/\/elterritorialweb.com.ar\/web\/wp-json\/wp\/v2\/posts\/48265\/revisions"}],"predecessor-version":[{"id":48267,"href":"http:\/\/elterritorialweb.com.ar\/web\/wp-json\/wp\/v2\/posts\/48265\/revisions\/48267"}],"wp:featuredmedia":[{"embeddable":true,"href":"http:\/\/elterritorialweb.com.ar\/web\/wp-json\/wp\/v2\/media\/48266"}],"wp:attachment":[{"href":"http:\/\/elterritorialweb.com.ar\/web\/wp-json\/wp\/v2\/media?parent=48265"}],"wp:term":[{"taxonomy":"category","embeddable":true,"href":"http:\/\/elterritorialweb.com.ar\/web\/wp-json\/wp\/v2\/categories?post=48265"},{"taxonomy":"post_tag","embeddable":true,"href":"http:\/\/elterritorialweb.com.ar\/web\/wp-json\/wp\/v2\/tags?post=48265"}],"curies":[{"name":"wp","href":"https:\/\/api.w.org\/{rel}","templated":true}]}}