{"id":48275,"date":"2023-01-24T21:08:33","date_gmt":"2023-01-24T21:08:33","guid":{"rendered":"http:\/\/elterritorialweb.com.ar\/web\/?p=48275"},"modified":"2023-01-24T21:08:34","modified_gmt":"2023-01-24T21:08:34","slug":"inicia-el-rodaje-de-la-serie-documental-por-ti-madre","status":"publish","type":"post","link":"http:\/\/elterritorialweb.com.ar\/web\/inicia-el-rodaje-de-la-serie-documental-por-ti-madre\/","title":{"rendered":"INICIA EL RODAJE DE LA SERIE DOCUMENTAL \u00abPOR TI MADRE\u00bb"},"content":{"rendered":"\n<p>Con el fin de visibilizar a las mujeres de la provincia, la filmaci\u00f3n se lleva a cabo en diversas zonas de la ciudad.<\/p>\n\n\n\n<p>Con fecha probable de estreno en los cines santiague\u00f1os durante el mes de mayo, el documental parte de una historia tr\u00e1gica -como lo es el fallecimiento de su madre- y busca con su mensaje motivar e inspirar a las mujeres a perseguir sus metas y cumplir sus sue\u00f1os.<\/p>\n\n\n\n<p>Adem\u00e1s, se har\u00e1 un repaso de los 30 a\u00f1os de la trayectoria personal y profesional de la protagonista como hilo conductor del relato.<\/p>\n\n\n\n<h3 class=\"wp-block-heading\"><strong>Proyecci\u00f3n internacional<\/strong><\/h3>\n\n\n\n<p>Silvia pas\u00f3 gran parte de su vida fuera de Santiago, visit\u00f3 m\u00e1s de 40 pa\u00edses, vivi\u00f3 en cinco y se instal\u00f3 durante m\u00e1s de 20 a\u00f1os en Madrid (Espa\u00f1a).<\/p>\n\n\n\n<p>Oriunda de La Banda, donde transit\u00f3 su infancia, actualmente es experta en Empoderamiento de la Mujer y en Desarrollo Personal por lo que se dedica a ense\u00f1ar a mujeres c\u00f3mo tener una vida mejor, m\u00e1s saludable y en armon\u00eda emocional.<\/p>\n\n\n\n<p>En cuanto a su trabajo, tiene dos libros publicados, \u00abAcademia de Mujeres\u00bb y \u00abRe-educate emocionalmente\u00bb. Adem\u00e1s, trabaj\u00f3 como redactora en Canal 8 y en El Peri\u00f3dico (Argentina), y como corresponsal en Madrid.<\/p>\n\n\n\n<p>Fue la presidenta de la Asociaci\u00f3n de Corresponsales Extranjeros y pertenece al Club Internacional de Prensa hace 25 a\u00f1os y cuenta con su propia empresa editorial, \u00abImagine Ediciones\u00bb.<\/p>\n\n\n\n<figure class=\"wp-block-image size-large\"><a href=\"https:\/\/i0.wp.com\/elterritorialweb.com.ar\/web\/wp-content\/uploads\/2023\/01\/IMG-20230124-WA0004.jpg\"><img data-recalc-dims=\"1\" decoding=\"async\" width=\"599\" height=\"1024\" data-src=\"https:\/\/i0.wp.com\/elterritorialweb.com.ar\/web\/wp-content\/uploads\/2023\/01\/IMG-20230124-WA0004.jpg?resize=599%2C1024\" alt=\"\" class=\"wp-image-48277 lazyload\" data-srcset=\"https:\/\/i0.wp.com\/elterritorialweb.com.ar\/web\/wp-content\/uploads\/2023\/01\/IMG-20230124-WA0004.jpg?resize=599%2C1024 599w, https:\/\/i0.wp.com\/elterritorialweb.com.ar\/web\/wp-content\/uploads\/2023\/01\/IMG-20230124-WA0004.jpg?resize=176%2C300 176w, https:\/\/i0.wp.com\/elterritorialweb.com.ar\/web\/wp-content\/uploads\/2023\/01\/IMG-20230124-WA0004.jpg?w=749 749w\" data-sizes=\"(max-width: 599px) 100vw, 599px\" src=\"data:image\/svg+xml;base64,PHN2ZyB3aWR0aD0iMSIgaGVpZ2h0PSIxIiB4bWxucz0iaHR0cDovL3d3dy53My5vcmcvMjAwMC9zdmciPjwvc3ZnPg==\" style=\"--smush-placeholder-width: 599px; --smush-placeholder-aspect-ratio: 599\/1024;\" \/><\/a><\/figure>\n\n\n\n<h3 class=\"wp-block-heading\"><strong>ENPODERADA<\/strong><\/h3>\n\n\n\n<p>P\u00e9rez Trejo complet\u00f3 su formaci\u00f3n acad\u00e9mica en Espa\u00f1a, d\u00f3nde se diplom\u00f3 en Empoderamiento Femenino e Igualdad, especializ\u00f3 en perspectiva de g\u00e9nero y en desarrollo personal, Coach emocional y obtuvo un m\u00e1ster en marketing Digital.<\/p>\n\n\n\n<p>Tambi\u00e9n se form\u00f3 con los principales gur\u00fas americanos del desarrollo personal como Tony Robbins, Joe Dispenza, Bruce Lipton el espa\u00f1ol Mario Alonso Puig y muchos otros, adem\u00e1s de sus propias investigaciones en base a las cuales ha creado su propio m\u00e9todo REDEMO.<\/p>\n\n\n\n<p><em>Academia de Mujeres (Imagine Ediciones)<\/em><br>Es el primer libro de Silvia (2018), que naci\u00f3 del sufrimiento de una mujer y de su b\u00fasqueda. La muerte de la madre de la protagonista, abandonada por unos hijos miserables en condiciones dram\u00e1ticas, provoca el comienzo de esta escritura, que obliga a la autora a revisar su vida y el largo periplo en busca de su identidad a trav\u00e9s de uno de sus caminos m\u00e1s intensos: la sexualidad como indagaci\u00f3n.<\/p>\n\n\n\n<p>Con tintes autobiogr\u00e1ficos, aires de novela, de a ratos ensayo, el texto est\u00e1 acompa\u00f1ado por algunas de las te\u00f3ricas esenciales del feminismo.<\/p>\n\n\n\n<p><em>Reed\u00facate emocionalmente: Un m\u00e9todo eficaz para transformar tu vida<\/em><br>El segundo y \u00faltimo libro editado (2021), en formato ensayo plantea su m\u00e9todo REDEMO\u00ae.<\/p>\n\n\n\n<p>Un modelo did\u00e1ctico y multidisciplinario: es te\u00f3rico, formativo, terap\u00e9utico, de desarrollo personal y de reeducaci\u00f3n emocional para la transformaci\u00f3n de las personas y el empoderamiento de las mujeres.<\/p>\n\n\n\n<p>Tras tres a\u00f1os de intensas investigaciones y de incorporar t\u00e9cnicas y herramientas espec\u00edficas de diferentes corrientes conceptuales, tiene como finalidad: \u201chacer realidad los sue\u00f1os\u201d.<\/p>\n\n\n\n<p>Con una vida muy intensa y dedicada, la santiague\u00f1a P\u00e9rez Trejo avanza en su b\u00fasqueda de una realidad mejor para todas las mujeres.<\/p>\n","protected":false},"excerpt":{"rendered":"<p>Comienzan las primeras tomas de la serie documental \u00abPor ti, madre\u00bb y que consta de 7 cap\u00edtulos de la periodista, escritora, coach, conferenciante internacional y empresaria cultural santiague\u00f1a Silvia P\u00e9rez Trejo. <\/p>\n","protected":false},"author":2,"featured_media":48276,"comment_status":"open","ping_status":"open","sticky":false,"template":"","format":"standard","meta":{"om_disable_all_campaigns":false,"_monsterinsights_skip_tracking":false,"_monsterinsights_sitenote_active":false,"_monsterinsights_sitenote_note":"","_monsterinsights_sitenote_category":0,"_uf_show_specific_survey":0,"_uf_disable_surveys":false,"jetpack_post_was_ever_published":false,"_jetpack_newsletter_access":"","_jetpack_dont_email_post_to_subs":false,"_jetpack_newsletter_tier_id":0,"_jetpack_memberships_contains_paywalled_content":false,"_jetpack_memberships_contains_paid_content":false,"footnotes":"","jetpack_publicize_message":"","jetpack_publicize_feature_enabled":true,"jetpack_social_post_already_shared":false,"jetpack_social_options":{"image_generator_settings":{"template":"highway","default_image_id":0,"font":"","enabled":false},"version":2}},"categories":[20],"tags":[],"class_list":["post-48275","post","type-post","status-publish","format-standard","has-post-thumbnail","hentry","category-especysociales"],"aioseo_notices":[],"views":14,"jetpack_publicize_connections":[],"jetpack_featured_media_url":"https:\/\/i0.wp.com\/elterritorialweb.com.ar\/web\/wp-content\/uploads\/2023\/01\/IMG-20230124-WA0003.jpg?fit=720%2C701","jetpack_sharing_enabled":true,"_links":{"self":[{"href":"http:\/\/elterritorialweb.com.ar\/web\/wp-json\/wp\/v2\/posts\/48275","targetHints":{"allow":["GET"]}}],"collection":[{"href":"http:\/\/elterritorialweb.com.ar\/web\/wp-json\/wp\/v2\/posts"}],"about":[{"href":"http:\/\/elterritorialweb.com.ar\/web\/wp-json\/wp\/v2\/types\/post"}],"author":[{"embeddable":true,"href":"http:\/\/elterritorialweb.com.ar\/web\/wp-json\/wp\/v2\/users\/2"}],"replies":[{"embeddable":true,"href":"http:\/\/elterritorialweb.com.ar\/web\/wp-json\/wp\/v2\/comments?post=48275"}],"version-history":[{"count":1,"href":"http:\/\/elterritorialweb.com.ar\/web\/wp-json\/wp\/v2\/posts\/48275\/revisions"}],"predecessor-version":[{"id":48278,"href":"http:\/\/elterritorialweb.com.ar\/web\/wp-json\/wp\/v2\/posts\/48275\/revisions\/48278"}],"wp:featuredmedia":[{"embeddable":true,"href":"http:\/\/elterritorialweb.com.ar\/web\/wp-json\/wp\/v2\/media\/48276"}],"wp:attachment":[{"href":"http:\/\/elterritorialweb.com.ar\/web\/wp-json\/wp\/v2\/media?parent=48275"}],"wp:term":[{"taxonomy":"category","embeddable":true,"href":"http:\/\/elterritorialweb.com.ar\/web\/wp-json\/wp\/v2\/categories?post=48275"},{"taxonomy":"post_tag","embeddable":true,"href":"http:\/\/elterritorialweb.com.ar\/web\/wp-json\/wp\/v2\/tags?post=48275"}],"curies":[{"name":"wp","href":"https:\/\/api.w.org\/{rel}","templated":true}]}}