{"id":48279,"date":"2023-01-24T21:14:15","date_gmt":"2023-01-24T21:14:15","guid":{"rendered":"http:\/\/elterritorialweb.com.ar\/web\/?p=48279"},"modified":"2023-01-25T00:46:34","modified_gmt":"2023-01-25T00:46:34","slug":"lucas-caceres-cantara-en-el-homenaje-a-juan-saavedra-en-cosquin-2023","status":"publish","type":"post","link":"http:\/\/elterritorialweb.com.ar\/web\/lucas-caceres-cantara-en-el-homenaje-a-juan-saavedra-en-cosquin-2023\/","title":{"rendered":"LUCAS C\u00c1CERES CANTAR\u00c1 EN EL HOMENAJE A JUAN SAAVEDRA EN COSQU\u00cdN 2023"},"content":{"rendered":"\n<p>Dirigido por Juan Mar\u00edn Goris y Valeria G\u00f3mez, el ballet oficial fue quien llam\u00f3 directamente a Lucas para hacer durante varias lunas el sentido homenaje. Justamente bailar\u00e1n el tema de autor\u00eda de Peteco Carabajal \u00abEl Bailar\u00edn de los montes\u00bb, editado en el a\u00f1o 1995.<\/p>\n\n\n\n<p>A punto de cumplir 80 a\u00f1os, Juan, fue uno de los primeros artistas argentinos integrantes del Cirque du Soleil. Entre otros trabajos de jerarqu\u00eda integr\u00f3 el Ballet folkl\u00f3rico nacional dirigido El ch\u00facaro y Norma Viola. Tambi\u00e9n en la escena nacional form\u00f3 junto a Peteco Carabajal y Jacinto Piedra, el tr\u00edo Santiague\u00f1os; con el que recorrieron escenarios del pa\u00eds.<\/p>\n\n\n\n<p>Actualmente junto a Sandra Far\u00edas (su pareja, adem\u00e1s de destacada bailarina), y en varias oportunidades juntos a sus hijos Yago, Jes\u00fas y Nazareno; continua dando charlas, talleres, presentaciones, y preparando lo que ser\u00e1 su primera escuela de danzas.<\/p>\n\n\n\n<p>Artista por naturaleza, tras su paso por las mudanzas comenz\u00f3 el camino de la m\u00fasica que lo llev\u00f3 a editar dos discos, \u201cCaminos\u00bb en el 2016, y \u00abCoraz\u00f3n de Vidala\u00bb en 2019. Cabe destacar que luego de estas presentaci\u00f3n en la Plaza Pr\u00f3spero Molina, va rumbo a Merlo (San Luis), donde actuar\u00e1 en el \u201cFestival de la Calle Angosta\u201d.<\/p>\n","protected":false},"excerpt":{"rendered":"<p>La apertura de la cuarta luna cosco\u00edna, hoy martes 24 de enero, tendr\u00e1 la participaci\u00f3n del cantor santiague\u00f1o Lucas C\u00e1ceres. Elegido por el Ballet Cam\u00edn, ser\u00e1 parte del homenaje al bailar\u00edn Juan Saavedra en el escenario \u201cAtuahalpa Yupanqui\u201d .<\/p>\n","protected":false},"author":2,"featured_media":48280,"comment_status":"open","ping_status":"open","sticky":false,"template":"","format":"standard","meta":{"om_disable_all_campaigns":false,"_monsterinsights_skip_tracking":false,"_monsterinsights_sitenote_active":false,"_monsterinsights_sitenote_note":"","_monsterinsights_sitenote_category":0,"_uf_show_specific_survey":0,"_uf_disable_surveys":false,"jetpack_post_was_ever_published":false,"_jetpack_newsletter_access":"","_jetpack_dont_email_post_to_subs":false,"_jetpack_newsletter_tier_id":0,"_jetpack_memberships_contains_paywalled_content":false,"_jetpack_memberships_contains_paid_content":false,"footnotes":"","jetpack_publicize_message":"","jetpack_publicize_feature_enabled":true,"jetpack_social_post_already_shared":false,"jetpack_social_options":{"image_generator_settings":{"template":"highway","default_image_id":0,"font":"","enabled":false},"version":2}},"categories":[20],"tags":[],"class_list":["post-48279","post","type-post","status-publish","format-standard","has-post-thumbnail","hentry","category-especysociales"],"aioseo_notices":[],"views":15,"jetpack_publicize_connections":[],"jetpack_featured_media_url":"https:\/\/i0.wp.com\/elterritorialweb.com.ar\/web\/wp-content\/uploads\/2023\/01\/IMG-20230124-WA0006.jpg?fit=720%2C481","jetpack_sharing_enabled":true,"_links":{"self":[{"href":"http:\/\/elterritorialweb.com.ar\/web\/wp-json\/wp\/v2\/posts\/48279","targetHints":{"allow":["GET"]}}],"collection":[{"href":"http:\/\/elterritorialweb.com.ar\/web\/wp-json\/wp\/v2\/posts"}],"about":[{"href":"http:\/\/elterritorialweb.com.ar\/web\/wp-json\/wp\/v2\/types\/post"}],"author":[{"embeddable":true,"href":"http:\/\/elterritorialweb.com.ar\/web\/wp-json\/wp\/v2\/users\/2"}],"replies":[{"embeddable":true,"href":"http:\/\/elterritorialweb.com.ar\/web\/wp-json\/wp\/v2\/comments?post=48279"}],"version-history":[{"count":2,"href":"http:\/\/elterritorialweb.com.ar\/web\/wp-json\/wp\/v2\/posts\/48279\/revisions"}],"predecessor-version":[{"id":48289,"href":"http:\/\/elterritorialweb.com.ar\/web\/wp-json\/wp\/v2\/posts\/48279\/revisions\/48289"}],"wp:featuredmedia":[{"embeddable":true,"href":"http:\/\/elterritorialweb.com.ar\/web\/wp-json\/wp\/v2\/media\/48280"}],"wp:attachment":[{"href":"http:\/\/elterritorialweb.com.ar\/web\/wp-json\/wp\/v2\/media?parent=48279"}],"wp:term":[{"taxonomy":"category","embeddable":true,"href":"http:\/\/elterritorialweb.com.ar\/web\/wp-json\/wp\/v2\/categories?post=48279"},{"taxonomy":"post_tag","embeddable":true,"href":"http:\/\/elterritorialweb.com.ar\/web\/wp-json\/wp\/v2\/tags?post=48279"}],"curies":[{"name":"wp","href":"https:\/\/api.w.org\/{rel}","templated":true}]}}