{"id":48417,"date":"2023-01-29T01:19:38","date_gmt":"2023-01-29T01:19:38","guid":{"rendered":"http:\/\/elterritorialweb.com.ar\/web\/?p=48417"},"modified":"2023-01-29T03:30:03","modified_gmt":"2023-01-29T03:30:03","slug":"en-vivo-central-cordoba-enfrenta-a-river-plate","status":"publish","type":"post","link":"http:\/\/elterritorialweb.com.ar\/web\/en-vivo-central-cordoba-enfrenta-a-river-plate\/","title":{"rendered":"CENTRAL C\u00d3RDOBA CAY\u00d3 ANTE RIVER PLATE QUE MOSTR\u00d3 SU JERARQU\u00cdA"},"content":{"rendered":"\n<p>Central C\u00f3rdoba no pudo ante la jerarqu\u00eda de River Plate y termin\u00f3 perdiendo por 2-0 ante un gran marco de p\u00fablico que se llego al Estadio \u00danico en su debut en la Liga Profesi\u00f3nal.<\/p>\n\n\n\n<figure class=\"wp-block-image size-large\"><a href=\"https:\/\/i0.wp.com\/elterritorialweb.com.ar\/web\/wp-content\/uploads\/2023\/01\/IMG-20230128-WA0077.jpg\"><img data-recalc-dims=\"1\" decoding=\"async\" width=\"640\" height=\"426\" data-src=\"https:\/\/i0.wp.com\/elterritorialweb.com.ar\/web\/wp-content\/uploads\/2023\/01\/IMG-20230128-WA0077.jpg?resize=640%2C426\" alt=\"\" class=\"wp-image-48426 lazyload\" data-srcset=\"https:\/\/i0.wp.com\/elterritorialweb.com.ar\/web\/wp-content\/uploads\/2023\/01\/IMG-20230128-WA0077.jpg?resize=1024%2C682 1024w, https:\/\/i0.wp.com\/elterritorialweb.com.ar\/web\/wp-content\/uploads\/2023\/01\/IMG-20230128-WA0077.jpg?resize=300%2C200 300w, https:\/\/i0.wp.com\/elterritorialweb.com.ar\/web\/wp-content\/uploads\/2023\/01\/IMG-20230128-WA0077.jpg?resize=768%2C512 768w, https:\/\/i0.wp.com\/elterritorialweb.com.ar\/web\/wp-content\/uploads\/2023\/01\/IMG-20230128-WA0077.jpg?w=1280 1280w\" data-sizes=\"(max-width: 640px) 100vw, 640px\" src=\"data:image\/svg+xml;base64,PHN2ZyB3aWR0aD0iMSIgaGVpZ2h0PSIxIiB4bWxucz0iaHR0cDovL3d3dy53My5vcmcvMjAwMC9zdmciPjwvc3ZnPg==\" style=\"--smush-placeholder-width: 640px; --smush-placeholder-aspect-ratio: 640\/426;\" \/><\/a><\/figure>\n\n\n\n<p>El equipo dirigido por Leonardo Madel\u00f3n que propuso un 4-4-2 m\u00e1s cerrado con pocos espacios entre las l\u00edneas, con volantes r\u00e1pidos por afuera y dos puntas jugando contra los centrales de River.<\/p>\n\n\n\n<figure class=\"wp-block-image size-full\"><a href=\"https:\/\/i0.wp.com\/elterritorialweb.com.ar\/web\/wp-content\/uploads\/2023\/01\/FnmbhCNWQAILbRK.jpeg\"><img data-recalc-dims=\"1\" decoding=\"async\" width=\"640\" height=\"427\" data-src=\"https:\/\/i0.wp.com\/elterritorialweb.com.ar\/web\/wp-content\/uploads\/2023\/01\/FnmbhCNWQAILbRK.jpeg?resize=640%2C427\" alt=\"\" class=\"wp-image-48427 lazyload\" data-srcset=\"https:\/\/i0.wp.com\/elterritorialweb.com.ar\/web\/wp-content\/uploads\/2023\/01\/FnmbhCNWQAILbRK.jpeg?w=679 679w, https:\/\/i0.wp.com\/elterritorialweb.com.ar\/web\/wp-content\/uploads\/2023\/01\/FnmbhCNWQAILbRK.jpeg?resize=300%2C200 300w\" data-sizes=\"(max-width: 640px) 100vw, 640px\" src=\"data:image\/svg+xml;base64,PHN2ZyB3aWR0aD0iMSIgaGVpZ2h0PSIxIiB4bWxucz0iaHR0cDovL3d3dy53My5vcmcvMjAwMC9zdmciPjwvc3ZnPg==\" style=\"--smush-placeholder-width: 640px; --smush-placeholder-aspect-ratio: 640\/427;\" \/><\/a><\/figure>\n\n\n\n<p>El primer gol del partido lo marc\u00f3 con un zurdazo&nbsp;<strong>Ignacio \u00abNacho\u00bb Fern\u00e1ndez<\/strong>, en su regreso al club, sobre el final de la primera etapa.<\/p>\n\n\n\n<figure class=\"wp-block-video\"><video height=\"1080\" style=\"aspect-ratio: 1920 \/ 1080;\" width=\"1920\" controls src=\"http:\/\/elterritorialweb.com.ar\/web\/wp-content\/uploads\/2023\/01\/twitter_20230128_225042.mp4\"><\/video><figcaption>Primer gol de River anotado por Nacho Fern\u00e1ndez <\/figcaption><\/figure>\n\n\n\n<p>El segundo tanto ocurri\u00f3 a los 23&#8242; del complemento: River movi\u00f3 la pelota de derecha a izquierda y&nbsp;<strong>Pablo Solari la clav\u00f3 en el \u00e1ngulo&nbsp;<\/strong>desde el v\u00e9rtice del \u00e1rea, sentenciando el resultado final del encuentro.<\/p>\n\n\n\n<figure class=\"wp-block-video\"><video height=\"1080\" style=\"aspect-ratio: 1920 \/ 1080;\" width=\"1920\" controls src=\"http:\/\/elterritorialweb.com.ar\/web\/wp-content\/uploads\/2023\/01\/twitter_20230128_234635.mp4\"><\/video><figcaption>Segundo gol lo anoto Pablo C\u00e9sar Solari<\/figcaption><\/figure>\n\n\n\n<p><strong>S\u00edntesis del Partido<\/strong> <\/p>\n\n\n\n<p><strong>Central C\u00f3rdoba:&nbsp;<\/strong>Marcos Ledesma; Brian Blasi, Fabio Pereyra, Gustavo Canto y Marcelo Ben\u00edtez; Jes\u00fas Soraire, Enzo Kalinski, Leandro Ciccolini y Ciro Rius; Lucas Gamba y Facundo Castelli. DT: Leonardo Madel\u00f3n.<\/p>\n\n\n\n<p><strong>River Plate:&nbsp;<\/strong>Franco Armani; Andr\u00e9s Herrera, Jonatan Maidana, Emanuel Mammana y Milton Casco; Enzo P\u00e9rez; Pablo Solari, Rodrigo Aliendro, Ignacio Fern\u00e1ndez y Jos\u00e9 Paradela; Enrique Borja. DT: Mart\u00edn Demichelis.<\/p>\n\n\n\n<p><strong>Cambios en Central C\u00f3rdoba:<\/strong>&nbsp;Farioli por Ciccolini, Rodr\u00edguez por Rius, Pitt\u00f3n por Soraire, Navas por Blasi.<\/p>\n\n\n\n<p><strong>Cambios en River Plate:<\/strong>&nbsp;Alfonso por Paradela, Zuculini por Aliendro, Rojas por Herrera, Beltr\u00e1n por Borja, Barco por Fern\u00e1ndez.<\/p>\n\n\n\n<p><strong>Goles:<\/strong>&nbsp;Fern\u00e1ndez, Solari (RP).<\/p>\n\n\n\n<p><strong>Amonestados:<\/strong>&nbsp;Casco, Herrera (RP).<\/p>\n\n\n\n<p><strong>\u00c1rbitro:<\/strong>&nbsp;Facundo Tello.<\/p>\n","protected":false},"excerpt":{"rendered":"<p>El Ferroviario se present\u00f3 con plantel renovado, ante su gente, y perdi\u00f3 ante el Millonario en el arranque de la Liga Profesi\u00f3nal.<\/p>\n","protected":false},"author":2,"featured_media":48418,"comment_status":"open","ping_status":"open","sticky":false,"template":"","format":"standard","meta":{"om_disable_all_campaigns":false,"_monsterinsights_skip_tracking":false,"_monsterinsights_sitenote_active":false,"_monsterinsights_sitenote_note":"","_monsterinsights_sitenote_category":0,"_uf_show_specific_survey":0,"_uf_disable_surveys":false,"jetpack_post_was_ever_published":false,"_jetpack_newsletter_access":"","_jetpack_dont_email_post_to_subs":false,"_jetpack_newsletter_tier_id":0,"_jetpack_memberships_contains_paywalled_content":false,"_jetpack_memberships_contains_paid_content":false,"footnotes":"","jetpack_publicize_message":"","jetpack_publicize_feature_enabled":true,"jetpack_social_post_already_shared":false,"jetpack_social_options":{"image_generator_settings":{"template":"highway","default_image_id":0,"font":"","enabled":false},"version":2}},"categories":[6,4],"tags":[],"class_list":["post-48417","post","type-post","status-publish","format-standard","has-post-thumbnail","hentry","category-deportes","category-destacadas"],"aioseo_notices":[],"views":42,"jetpack_publicize_connections":[],"jetpack_featured_media_url":"https:\/\/i0.wp.com\/elterritorialweb.com.ar\/web\/wp-content\/uploads\/2023\/01\/FnmgHKmWAAIEpav.jpeg?fit=679%2C453","jetpack_sharing_enabled":true,"_links":{"self":[{"href":"http:\/\/elterritorialweb.com.ar\/web\/wp-json\/wp\/v2\/posts\/48417","targetHints":{"allow":["GET"]}}],"collection":[{"href":"http:\/\/elterritorialweb.com.ar\/web\/wp-json\/wp\/v2\/posts"}],"about":[{"href":"http:\/\/elterritorialweb.com.ar\/web\/wp-json\/wp\/v2\/types\/post"}],"author":[{"embeddable":true,"href":"http:\/\/elterritorialweb.com.ar\/web\/wp-json\/wp\/v2\/users\/2"}],"replies":[{"embeddable":true,"href":"http:\/\/elterritorialweb.com.ar\/web\/wp-json\/wp\/v2\/comments?post=48417"}],"version-history":[{"count":6,"href":"http:\/\/elterritorialweb.com.ar\/web\/wp-json\/wp\/v2\/posts\/48417\/revisions"}],"predecessor-version":[{"id":48435,"href":"http:\/\/elterritorialweb.com.ar\/web\/wp-json\/wp\/v2\/posts\/48417\/revisions\/48435"}],"wp:featuredmedia":[{"embeddable":true,"href":"http:\/\/elterritorialweb.com.ar\/web\/wp-json\/wp\/v2\/media\/48418"}],"wp:attachment":[{"href":"http:\/\/elterritorialweb.com.ar\/web\/wp-json\/wp\/v2\/media?parent=48417"}],"wp:term":[{"taxonomy":"category","embeddable":true,"href":"http:\/\/elterritorialweb.com.ar\/web\/wp-json\/wp\/v2\/categories?post=48417"},{"taxonomy":"post_tag","embeddable":true,"href":"http:\/\/elterritorialweb.com.ar\/web\/wp-json\/wp\/v2\/tags?post=48417"}],"curies":[{"name":"wp","href":"https:\/\/api.w.org\/{rel}","templated":true}]}}