{"id":48439,"date":"2023-01-29T15:14:02","date_gmt":"2023-01-29T15:14:02","guid":{"rendered":"http:\/\/elterritorialweb.com.ar\/web\/?p=48439"},"modified":"2023-01-29T15:14:02","modified_gmt":"2023-01-29T15:14:02","slug":"habilitan-un-stand-de-turismo-en-la-estacion-del-tren-de-desarrollo","status":"publish","type":"post","link":"http:\/\/elterritorialweb.com.ar\/web\/habilitan-un-stand-de-turismo-en-la-estacion-del-tren-de-desarrollo\/","title":{"rendered":"HABILITAN UN STAND DE TURISMO EN LA ESTACI\u00d3N DEL TREN DE DESARROLLO"},"content":{"rendered":"\n<p>Seg\u00fan se inform\u00f3, los horarios de atenci\u00f3n al p\u00fablico ser\u00e1n de lunes a viernes de 7:30 a 21 y los s\u00e1bados, domingos y feriados de 14:30 a 20.<br>En este sentido, la directora de Turismo, Graciela Rosales destac\u00f3: \u201cQuiero agradecer al intendente Roger Nediani, ya que mediante este stand de informaci\u00f3n tur\u00edstica se podr\u00e1 hacer m\u00e1s amena la espera al servicio del tren\u201d.<br>En el lugar, las personas podr\u00e1n averiguar sobre las diferentes actividades culturales, recreativas y deportivas que se realizan en La Banda y tambi\u00e9n podr\u00e1n apreciar obras pl\u00e1sticas de artistas bande\u00f1os.<br>Adem\u00e1s, los turistas encontrar\u00e1n una exposici\u00f3n de obras literarias vinculadas a la historia de la ciudad, su cultura, sus tradiciones, mitos, leyendas y poemas.<br>Para finalizar, se invita a participar y conocer dicho stand, como as\u00ed tambi\u00e9n visitar la feria artesanal de martes a viernes en el horario 8:30 a 12 en el Paseo Gabriel \u00c1balos.<\/p>\n","protected":false},"excerpt":{"rendered":"<p>La Direcci\u00f3n de Turismo de la municipalidad de La Banda habilit\u00f3 un nuevo stand de informaci\u00f3n tur\u00edstica que funciona en las instalaciones del Tren al Desarrollo situada sobre avenida Besares 337.<\/p>\n","protected":false},"author":2,"featured_media":48440,"comment_status":"open","ping_status":"open","sticky":false,"template":"","format":"standard","meta":{"om_disable_all_campaigns":false,"_monsterinsights_skip_tracking":false,"_monsterinsights_sitenote_active":false,"_monsterinsights_sitenote_note":"","_monsterinsights_sitenote_category":0,"_uf_show_specific_survey":0,"_uf_disable_surveys":false,"jetpack_post_was_ever_published":false,"_jetpack_newsletter_access":"","_jetpack_dont_email_post_to_subs":false,"_jetpack_newsletter_tier_id":0,"_jetpack_memberships_contains_paywalled_content":false,"_jetpack_memberships_contains_paid_content":false,"footnotes":"","jetpack_publicize_message":"","jetpack_publicize_feature_enabled":true,"jetpack_social_post_already_shared":false,"jetpack_social_options":{"image_generator_settings":{"template":"highway","default_image_id":0,"font":"","enabled":false},"version":2}},"categories":[9,29],"tags":[],"class_list":["post-48439","post","type-post","status-publish","format-standard","has-post-thumbnail","hentry","category-banda","category-turismo"],"aioseo_notices":[],"views":16,"jetpack_publicize_connections":[],"jetpack_featured_media_url":"https:\/\/i0.wp.com\/elterritorialweb.com.ar\/web\/wp-content\/uploads\/2023\/01\/IMG-20230128-WA0022.jpg?fit=1104%2C862","jetpack_sharing_enabled":true,"_links":{"self":[{"href":"http:\/\/elterritorialweb.com.ar\/web\/wp-json\/wp\/v2\/posts\/48439","targetHints":{"allow":["GET"]}}],"collection":[{"href":"http:\/\/elterritorialweb.com.ar\/web\/wp-json\/wp\/v2\/posts"}],"about":[{"href":"http:\/\/elterritorialweb.com.ar\/web\/wp-json\/wp\/v2\/types\/post"}],"author":[{"embeddable":true,"href":"http:\/\/elterritorialweb.com.ar\/web\/wp-json\/wp\/v2\/users\/2"}],"replies":[{"embeddable":true,"href":"http:\/\/elterritorialweb.com.ar\/web\/wp-json\/wp\/v2\/comments?post=48439"}],"version-history":[{"count":1,"href":"http:\/\/elterritorialweb.com.ar\/web\/wp-json\/wp\/v2\/posts\/48439\/revisions"}],"predecessor-version":[{"id":48441,"href":"http:\/\/elterritorialweb.com.ar\/web\/wp-json\/wp\/v2\/posts\/48439\/revisions\/48441"}],"wp:featuredmedia":[{"embeddable":true,"href":"http:\/\/elterritorialweb.com.ar\/web\/wp-json\/wp\/v2\/media\/48440"}],"wp:attachment":[{"href":"http:\/\/elterritorialweb.com.ar\/web\/wp-json\/wp\/v2\/media?parent=48439"}],"wp:term":[{"taxonomy":"category","embeddable":true,"href":"http:\/\/elterritorialweb.com.ar\/web\/wp-json\/wp\/v2\/categories?post=48439"},{"taxonomy":"post_tag","embeddable":true,"href":"http:\/\/elterritorialweb.com.ar\/web\/wp-json\/wp\/v2\/tags?post=48439"}],"curies":[{"name":"wp","href":"https:\/\/api.w.org\/{rel}","templated":true}]}}