{"id":48442,"date":"2023-01-29T22:16:52","date_gmt":"2023-01-29T22:16:52","guid":{"rendered":"http:\/\/elterritorialweb.com.ar\/web\/?p=48442"},"modified":"2023-01-29T22:17:46","modified_gmt":"2023-01-29T22:17:46","slug":"recomiendan-evitar-golpes-de-calor-y-enfermedades","status":"publish","type":"post","link":"http:\/\/elterritorialweb.com.ar\/web\/recomiendan-evitar-golpes-de-calor-y-enfermedades\/","title":{"rendered":"RECOMIENDAN EVITAR GOLPES DE CALOR Y ENFERMEDADES"},"content":{"rendered":"\n<p>Los stands ubicados en diversos puntos estrat\u00e9gicos de la ciudad con el objetivo de acercarse a los vecinos y concientizar de los problemas de salud que se producen por las altas temperaturas como las que azotan a nuestra provincia; el personal municipal realiza la entrega de botellas de agua mineral, folleter\u00eda y control de presi\u00f3n arterial a los transe\u00fantes.<br>Al respecto, el director del \u00e1rea de Salud, Leonardo Jaimez Caro, manifest\u00f3: \u00abDebido a las altas temperaturas que azotan a la provincia y el pa\u00eds, tenemos recomendaciones para toda la comunidad para evitar golpes de calor o insolaci\u00f3n. Es por ello que, los profesionales municipales recomiendan que la poblaci\u00f3n evite el contacto directo con los rayos solares m\u00e1s fuertes que son entre las 10 y 17 y en el caso que por alguna obligaci\u00f3n deban exponerse en ese horario, deben usar protector solar de Factor 30 en adelante, que son los adecuados para los climas de Santiago del Estero; as\u00ed tambi\u00e9n tomar abundante agua para evitar la deshidrataci\u00f3n\u201d.<br>\u201cEn cuanto a las personas que, por condiciones f\u00edsicas o etarias, son m\u00e1s propensas a sufrir golpes de calor, como ni\u00f1os, beb\u00e9s, embarazadas y adultos mayores, deben usar ropa suelta y clara, no salir ni realizar actividades f\u00edsicas en el horario antes mencionado; no deben consumir bebidas alcoh\u00f3licas. Con respecto a los beb\u00e9s, desde la secretar\u00eda promovemos la exclusiva lactancia materna la cual debe ser realizada con mucha frecuencia. Las mujeres embarazadas deben alimentarse con frutas y verduras frescas, tienen que permanecer en ambientes ventilados para evitar otro tipo de afecci\u00f3n a parte del golpe de calor.<br>Sobre las actividades de informaci\u00f3n y prevenci\u00f3n que se realizan en la ciudad, se\u00f1al\u00f3: \u00abActualmente el municipio se encuentra realizando las Colonias de Vacaciones en tres lugares diferentes y tambi\u00e9n tenemos puestos de recomendaci\u00f3n e hidrataci\u00f3n en las colonias. Estamos trabajando en coordinaci\u00f3n con la Secretar\u00eda de Gobierno y otras \u00e1reas dependientes del municipio con el fin de que nuestros ni\u00f1os est\u00e9n siempre al resguardo y no sufran las condiciones clim\u00e1ticas que nos asolan. Adem\u00e1s, el \u00e1rea de Sanidad Animal, tambi\u00e9n est\u00e1 realizando prevenciones en cuanto a este tipo de afecciones que junto a lo que es la \u00e9poca de calor se produce con m\u00e1s frecuencia. Por tal motivo, se recomienda tener a los animales en la sombra y colocarles agua fr\u00eda y limpia constantemente\u201d.<br>\u00abDe igual manera, estamos realizando nuestras campa\u00f1as en la oficina Informaci\u00f3n Ciudadana, que se encuentra en la Estaci\u00f3n de Trenes; estamos realizando actividades preventivas en la peatonal Sarmiento de 20 a 22, ya que no tenemos la luz del sol y es el horario que eligen las personas para realizar las compras, por lo que aprovechamos ese acercamiento con el vecino y as\u00ed poder concientizarlos\u00bb, finaliz\u00f3 Jaimez Caro.<br>Asimismo, se especific\u00f3 que la Secretar\u00eda de Salud realiza controles peri\u00f3dicos en lo que hace a problem\u00e1ticas sanitarias relacionadas a los casos de gastroenteritis por el brote de salmonella que se ha desatado el norte del pa\u00eds por lo que se ha tomado los recaudos necesarios y desde la Secretar\u00eda de Salud y la Secretar\u00eda de Ordenamiento Urbano, a trav\u00e9s de su Direcci\u00f3n de Bromatolog\u00eda, quienes est\u00e1n brindando talleres en cuanto a lo que es el uso y manejo adecuado de alimentos para evitar la contaminaci\u00f3n cruzada de alimentos.<\/p>\n","protected":false},"excerpt":{"rendered":"<p>La Secretar\u00eda de Salud de la Municipalidad de La Banda contin\u00faa trabajando en las campa\u00f1as de promoci\u00f3n y prevenci\u00f3n de los golpes de calor, insolaci\u00f3n y otras enfermedades que son causadas en \u00e9poca estival.<\/p>\n","protected":false},"author":2,"featured_media":48444,"comment_status":"open","ping_status":"open","sticky":false,"template":"","format":"standard","meta":{"om_disable_all_campaigns":false,"_monsterinsights_skip_tracking":false,"_monsterinsights_sitenote_active":false,"_monsterinsights_sitenote_note":"","_monsterinsights_sitenote_category":0,"_uf_show_specific_survey":0,"_uf_disable_surveys":false,"jetpack_post_was_ever_published":false,"_jetpack_newsletter_access":"","_jetpack_dont_email_post_to_subs":false,"_jetpack_newsletter_tier_id":0,"_jetpack_memberships_contains_paywalled_content":false,"_jetpack_memberships_contains_paid_content":false,"footnotes":"","jetpack_publicize_message":"","jetpack_publicize_feature_enabled":true,"jetpack_social_post_already_shared":false,"jetpack_social_options":{"image_generator_settings":{"template":"highway","default_image_id":0,"font":"","enabled":false},"version":2}},"categories":[9,3],"tags":[],"class_list":["post-48442","post","type-post","status-publish","format-standard","has-post-thumbnail","hentry","category-banda","category-salud"],"aioseo_notices":[],"views":19,"jetpack_publicize_connections":[],"jetpack_featured_media_url":"https:\/\/i0.wp.com\/elterritorialweb.com.ar\/web\/wp-content\/uploads\/2023\/01\/IMG-20230129-WA0012.jpg?fit=1600%2C1200","jetpack_sharing_enabled":true,"_links":{"self":[{"href":"http:\/\/elterritorialweb.com.ar\/web\/wp-json\/wp\/v2\/posts\/48442","targetHints":{"allow":["GET"]}}],"collection":[{"href":"http:\/\/elterritorialweb.com.ar\/web\/wp-json\/wp\/v2\/posts"}],"about":[{"href":"http:\/\/elterritorialweb.com.ar\/web\/wp-json\/wp\/v2\/types\/post"}],"author":[{"embeddable":true,"href":"http:\/\/elterritorialweb.com.ar\/web\/wp-json\/wp\/v2\/users\/2"}],"replies":[{"embeddable":true,"href":"http:\/\/elterritorialweb.com.ar\/web\/wp-json\/wp\/v2\/comments?post=48442"}],"version-history":[{"count":1,"href":"http:\/\/elterritorialweb.com.ar\/web\/wp-json\/wp\/v2\/posts\/48442\/revisions"}],"predecessor-version":[{"id":48445,"href":"http:\/\/elterritorialweb.com.ar\/web\/wp-json\/wp\/v2\/posts\/48442\/revisions\/48445"}],"wp:featuredmedia":[{"embeddable":true,"href":"http:\/\/elterritorialweb.com.ar\/web\/wp-json\/wp\/v2\/media\/48444"}],"wp:attachment":[{"href":"http:\/\/elterritorialweb.com.ar\/web\/wp-json\/wp\/v2\/media?parent=48442"}],"wp:term":[{"taxonomy":"category","embeddable":true,"href":"http:\/\/elterritorialweb.com.ar\/web\/wp-json\/wp\/v2\/categories?post=48442"},{"taxonomy":"post_tag","embeddable":true,"href":"http:\/\/elterritorialweb.com.ar\/web\/wp-json\/wp\/v2\/tags?post=48442"}],"curies":[{"name":"wp","href":"https:\/\/api.w.org\/{rel}","templated":true}]}}