{"id":48446,"date":"2023-01-29T22:28:44","date_gmt":"2023-01-29T22:28:44","guid":{"rendered":"http:\/\/elterritorialweb.com.ar\/web\/?p=48446"},"modified":"2023-01-29T22:28:44","modified_gmt":"2023-01-29T22:28:44","slug":"el-gobierno-extiende-hasta-julio-el-programa-precios-justos","status":"publish","type":"post","link":"http:\/\/elterritorialweb.com.ar\/web\/el-gobierno-extiende-hasta-julio-el-programa-precios-justos\/","title":{"rendered":"EL GOBIERNO EXTIENDE HASTA JULIO EL PROGRAMA PRECIOS JUSTOS"},"content":{"rendered":"\n<p><strong>El ministro de Econom\u00eda, Sergio Massa, adelant\u00f3 que el programa Precios Justos se extender\u00e1 hasta julio de 2023.<\/strong>\u00a0La nueva etapa se lanzar\u00e1 en febrero e\u00a0incorporar\u00e1 a 124 nuevas empresas\u00a0que se sumar\u00e1n a los 2000 productos de consumo masivo ya incluidos en el congelamiento.<\/p>\n\n\n\n<p>El relanzamiento del programa estaba previsto para fines de marzo, pero se adelantar\u00eda para el pr\u00f3ximo mes.\u00a0<strong>El Gobierno se encuentra negociando con las empresas para darle continuidad al acuerdo voluntario de precios,<\/strong>\u00a0que establece un tope de aumentos del 4% mensual.<\/p>\n\n\n\n<p>\u00abEs cierto que los precios siguen aumentando; no estamos conformes con el dato de 5,1% en diciembre y no se puede tapar el sol con las manos. Tuvimos una inflaci\u00f3n del 94% y es algo que nos preocupa y ocupa. La soluci\u00f3n no es m\u00e1gica\u00bb, sostuvo el secretario de Comercio, Mat\u00edas Tombolini.<\/p>\n\n\n\n<p>Precios Justos fue lanzado el pasado 11 de noviembre. La iniciativa congel\u00f3 los precios de cerca de 2.000 productos que forman parte de la canasta b\u00e1sica en los rubros alimentos, bebidas, l\u00e1cteos, higiene personal y limpieza.&nbsp;<strong>Participan m\u00e1s de 100 empresas que representan el 86% del consumo masivo en Argentina.<\/strong><\/p>\n","protected":false},"excerpt":{"rendered":"<p>La nueva etapa comenzar\u00e1 en febrero y congelar\u00e1 los valores de unos 2.000 productos de consumo masivo. En los pr\u00f3ximos d\u00edas se sumar\u00e1n 124 nuevas empresas.<\/p>\n","protected":false},"author":2,"featured_media":48447,"comment_status":"open","ping_status":"open","sticky":false,"template":"","format":"standard","meta":{"om_disable_all_campaigns":false,"_monsterinsights_skip_tracking":false,"_monsterinsights_sitenote_active":false,"_monsterinsights_sitenote_note":"","_monsterinsights_sitenote_category":0,"_uf_show_specific_survey":0,"_uf_disable_surveys":false,"jetpack_post_was_ever_published":false,"_jetpack_newsletter_access":"","_jetpack_dont_email_post_to_subs":false,"_jetpack_newsletter_tier_id":0,"_jetpack_memberships_contains_paywalled_content":false,"_jetpack_memberships_contains_paid_content":false,"footnotes":"","jetpack_publicize_message":"","jetpack_publicize_feature_enabled":true,"jetpack_social_post_already_shared":false,"jetpack_social_options":{"image_generator_settings":{"template":"highway","default_image_id":0,"font":"","enabled":false},"version":2}},"categories":[4,2],"tags":[],"class_list":["post-48446","post","type-post","status-publish","format-standard","has-post-thumbnail","hentry","category-destacadas","category-economia"],"aioseo_notices":[],"views":24,"jetpack_publicize_connections":[],"jetpack_featured_media_url":"https:\/\/i0.wp.com\/elterritorialweb.com.ar\/web\/wp-content\/uploads\/2023\/01\/Precios-Justos.jpg?fit=1360%2C900","jetpack_sharing_enabled":true,"_links":{"self":[{"href":"http:\/\/elterritorialweb.com.ar\/web\/wp-json\/wp\/v2\/posts\/48446","targetHints":{"allow":["GET"]}}],"collection":[{"href":"http:\/\/elterritorialweb.com.ar\/web\/wp-json\/wp\/v2\/posts"}],"about":[{"href":"http:\/\/elterritorialweb.com.ar\/web\/wp-json\/wp\/v2\/types\/post"}],"author":[{"embeddable":true,"href":"http:\/\/elterritorialweb.com.ar\/web\/wp-json\/wp\/v2\/users\/2"}],"replies":[{"embeddable":true,"href":"http:\/\/elterritorialweb.com.ar\/web\/wp-json\/wp\/v2\/comments?post=48446"}],"version-history":[{"count":1,"href":"http:\/\/elterritorialweb.com.ar\/web\/wp-json\/wp\/v2\/posts\/48446\/revisions"}],"predecessor-version":[{"id":48448,"href":"http:\/\/elterritorialweb.com.ar\/web\/wp-json\/wp\/v2\/posts\/48446\/revisions\/48448"}],"wp:featuredmedia":[{"embeddable":true,"href":"http:\/\/elterritorialweb.com.ar\/web\/wp-json\/wp\/v2\/media\/48447"}],"wp:attachment":[{"href":"http:\/\/elterritorialweb.com.ar\/web\/wp-json\/wp\/v2\/media?parent=48446"}],"wp:term":[{"taxonomy":"category","embeddable":true,"href":"http:\/\/elterritorialweb.com.ar\/web\/wp-json\/wp\/v2\/categories?post=48446"},{"taxonomy":"post_tag","embeddable":true,"href":"http:\/\/elterritorialweb.com.ar\/web\/wp-json\/wp\/v2\/tags?post=48446"}],"curies":[{"name":"wp","href":"https:\/\/api.w.org\/{rel}","templated":true}]}}