{"id":49518,"date":"2023-02-21T20:06:26","date_gmt":"2023-02-21T20:06:26","guid":{"rendered":"http:\/\/elterritorialweb.com.ar\/web\/?p=49518"},"modified":"2023-02-21T20:08:14","modified_gmt":"2023-02-21T20:08:14","slug":"el-gobierno-multo-a-mas-de-700-empresas-por-incumplir-con-el-programa-precios-justos","status":"publish","type":"post","link":"http:\/\/elterritorialweb.com.ar\/web\/el-gobierno-multo-a-mas-de-700-empresas-por-incumplir-con-el-programa-precios-justos\/","title":{"rendered":"EL GOBIERNO MULT\u00d3 A M\u00c1S DE 700 EMPRESAS POR INCUMPLIR CON EL PROGRAMA PRECIOS JUSTOS"},"content":{"rendered":"\n<p>El Gobierno mult\u00f3 a<strong>\u00a0769 empresas de alimentos<\/strong>\u00a0y supermercados por<strong>\u00a0$806.450.000<\/strong>\u00a0en la \u00faltima semana debido a diversos tipos de irregularidades en torno del cumplimiento del programa<strong>\u00a0Precios Justos<\/strong>, indic\u00f3 el titular de la Secretar\u00eda de Comercio, Mat\u00edas Tombolini.<\/p>\n\n\n\n<p>\u00abEsta semana estamos con 769 multas por $806.450.000 por faltantes de stock,\u00a0<strong>falta de carteler\u00eda, uso de carteles en g\u00f3ndolas en productos que no forman parte del programa, duplicidad de etiquetado;<\/strong>\u00a0y esto de alg\u00fan modo es un paso m\u00e1s en la idea de que no podemos llevar orden en los precios y construir previsibilidad si permitimos los abusos\u00bb, manifest\u00f3 el titular del \u00e1rea.<\/p>\n\n\n\n<p>Las cadenas de supermercados que fueron afectadas por las multas, se\u00f1al\u00f3 el funcionario en di\u00e1logo con&nbsp;<em>Radio 10<\/em>&nbsp;fueron \u00ab<strong>D\u00eda, Carrefour, las del Grupo Cencosud (Disco, Vea, Jumbo) y el mayorista Maxiconsumo\u00bb<\/strong>. En tanto las empresas alimenticias fueron&nbsp;<strong>\u00abCabrales y Nestl\u00e9\u00bb.&nbsp;<\/strong>El secretario explic\u00f3 que, luego de labrarse el acta, \u00abse le da el descargo a quien se le imputa y despu\u00e9s se procede a la multa\u00bb.<\/p>\n\n\n\n<p>Uno de los casos fue el de una sucursal de la cadena<strong>&nbsp;Jumbo ubicada en San Lorenzo 3773<\/strong>, en el partido bonaerense de San Mart\u00edn, la cual fue clausurada anoche tras un operativo \u00abrel\u00e1mpago\u00bb, realizado en conjunto entre la Secretar\u00eda de Comercio y la Subsecretar\u00eda de Defensa al Consumidor y el \u00e1rea de habilitaciones de ese municipio.<\/p>\n\n\n\n<p>\u00abRecibimos cinco alertas en un periodo muy corto de tiempo; esto indica un faltante severo que luego se verific\u00f3, despleg\u00e1ndose sobre las horas de la noche un operativo donde<strong>\u00a0encontramos 32 productos que directamente no ten\u00edan stock y m\u00e1s de 14 productos que presentaban un faltante<\/strong>\u00ab, relat\u00f3 Tombolini.<\/p>\n\n\n\n<p>El secretario aclar\u00f3 que la clausura se vincula con una infracci\u00f3n a la ordenanza municipal 9.007 \u00abque tienen que ver con un tema vinculado con Bomberos\u00bb, y que Comercio se encarga, por su parte, de verificar \u00abinfracciones a la Ley 24.240 de Defensa al Consumidor\u00bb.<\/p>\n\n\n\n<p>El operativo fue lanzado tras la recepci\u00f3n de&nbsp;<strong>reiterados reportes de incumplimientos&nbsp;<\/strong>en la sucursal del hipermercado, denunciados a trav\u00e9s de la aplicaci\u00f3n m\u00f3vil de Precios Justos, que dispararon un alerta que deriv\u00f3 en constataciones informales iniciales y la organizaci\u00f3n de las mencionadas fiscalizaciones.<\/p>\n\n\n\n<p>Durante las verificaciones se corroboraron diversas irregularidades en relaci\u00f3n con el cumplimiento del programa, vinculadas con<strong>&nbsp;faltantes de mercader\u00eda y stock,&nbsp;<\/strong>principalmente en los rubros de<strong>&nbsp;perfumer\u00eda, cuidado personal, limpieza, aceites, at\u00fan, harina, yerba y fideos<\/strong>, as\u00ed como la ausencia de se\u00f1alizaci\u00f3n de los productos que forman parte del programa.<\/p>\n\n\n\n<p>Adicionalmente a las infracciones mencionadas, los verificadores detectaron m\u00faltiples y reiterados incumplimientos de normativas municipales por parte del Hiper Jumbo mencionado, los cuales derivaron en la&nbsp;<strong>inmediata clausura del supermercado.<\/strong><\/p>\n","protected":false},"excerpt":{"rendered":"<p>Se labraron infracciones contra 769 alimenticias y locales por $806.450.000. \u00bfLos motivos? Faltantes de stock, ausencia de carteler\u00eda y duplicidad de etiquetado.<\/p>\n","protected":false},"author":2,"featured_media":49519,"comment_status":"open","ping_status":"open","sticky":false,"template":"","format":"standard","meta":{"om_disable_all_campaigns":false,"_monsterinsights_skip_tracking":false,"_monsterinsights_sitenote_active":false,"_monsterinsights_sitenote_note":"","_monsterinsights_sitenote_category":0,"_uf_show_specific_survey":0,"_uf_disable_surveys":false,"jetpack_post_was_ever_published":false,"_jetpack_newsletter_access":"","_jetpack_dont_email_post_to_subs":false,"_jetpack_newsletter_tier_id":0,"_jetpack_memberships_contains_paywalled_content":false,"_jetpack_memberships_contains_paid_content":false,"footnotes":"","jetpack_publicize_message":"","jetpack_publicize_feature_enabled":true,"jetpack_social_post_already_shared":false,"jetpack_social_options":{"image_generator_settings":{"template":"highway","default_image_id":0,"font":"","enabled":false},"version":2}},"categories":[4,2],"tags":[],"class_list":["post-49518","post","type-post","status-publish","format-standard","has-post-thumbnail","hentry","category-destacadas","category-economia"],"aioseo_notices":[],"views":28,"jetpack_publicize_connections":[],"jetpack_featured_media_url":"https:\/\/i0.wp.com\/elterritorialweb.com.ar\/web\/wp-content\/uploads\/2023\/02\/PRECIOS-JUSTOS-1.jpg?fit=950%2C534","jetpack_sharing_enabled":true,"_links":{"self":[{"href":"http:\/\/elterritorialweb.com.ar\/web\/wp-json\/wp\/v2\/posts\/49518","targetHints":{"allow":["GET"]}}],"collection":[{"href":"http:\/\/elterritorialweb.com.ar\/web\/wp-json\/wp\/v2\/posts"}],"about":[{"href":"http:\/\/elterritorialweb.com.ar\/web\/wp-json\/wp\/v2\/types\/post"}],"author":[{"embeddable":true,"href":"http:\/\/elterritorialweb.com.ar\/web\/wp-json\/wp\/v2\/users\/2"}],"replies":[{"embeddable":true,"href":"http:\/\/elterritorialweb.com.ar\/web\/wp-json\/wp\/v2\/comments?post=49518"}],"version-history":[{"count":1,"href":"http:\/\/elterritorialweb.com.ar\/web\/wp-json\/wp\/v2\/posts\/49518\/revisions"}],"predecessor-version":[{"id":49520,"href":"http:\/\/elterritorialweb.com.ar\/web\/wp-json\/wp\/v2\/posts\/49518\/revisions\/49520"}],"wp:featuredmedia":[{"embeddable":true,"href":"http:\/\/elterritorialweb.com.ar\/web\/wp-json\/wp\/v2\/media\/49519"}],"wp:attachment":[{"href":"http:\/\/elterritorialweb.com.ar\/web\/wp-json\/wp\/v2\/media?parent=49518"}],"wp:term":[{"taxonomy":"category","embeddable":true,"href":"http:\/\/elterritorialweb.com.ar\/web\/wp-json\/wp\/v2\/categories?post=49518"},{"taxonomy":"post_tag","embeddable":true,"href":"http:\/\/elterritorialweb.com.ar\/web\/wp-json\/wp\/v2\/tags?post=49518"}],"curies":[{"name":"wp","href":"https:\/\/api.w.org\/{rel}","templated":true}]}}