{"id":49529,"date":"2023-02-22T03:13:11","date_gmt":"2023-02-22T03:13:11","guid":{"rendered":"http:\/\/elterritorialweb.com.ar\/web\/?p=49529"},"modified":"2023-02-22T03:17:07","modified_gmt":"2023-02-22T03:17:07","slug":"zamora-participo-de-la-premiacion-del-torneo-gran-prix-madre-de-ciudades-de-tenis-de-mesa","status":"publish","type":"post","link":"http:\/\/elterritorialweb.com.ar\/web\/zamora-participo-de-la-premiacion-del-torneo-gran-prix-madre-de-ciudades-de-tenis-de-mesa\/","title":{"rendered":"ZAMORA PARTICIP\u00d3 DE LA PREMIACI\u00d3N DEL TORNEO GRAN PRIX \u201cMADRE DE CIUDADES\u201d DE TENIS DE MESA"},"content":{"rendered":"\n<p>Estuvo acompa\u00f1ado por los secretarios de Deportes y Recreaci\u00f3n, Carlos Dapello, y de Ciencia y Tecnolog\u00eda, Adri\u00e1n Su\u00e1rez; adem\u00e1s de los directores de Ciencia y Tecnolog\u00eda, Edmundo Vizgarra, y de Gesti\u00f3n P\u00fablica, Ricardo Montenegro.<br>El mandatario fue recibido por el titular de la Asociaci\u00f3n Norte de Tenis de Mesa, Agust\u00edn Asencio, y miembros de los equipos que participan del evento.<br>Luego de una recorrida por el amplio espacio acondicionado especialmente para la competencia se realiz\u00f3 la entrega de premios.<br>El gobernador hizo entrega de trofeos a los ganadores de la categor\u00eda doble masculino. El primer puesto fue para Daniel Constantino y Santiago Rodr\u00edguez Schoeller (Buenos Aires) y el segundo lugar para los santiague\u00f1os Eber Calosso y Valent\u00edn Serrano. Mientras que el tercer puesto fue compartido por las duplas Tom\u00e1s Cabrera-Iv\u00e1n Schvarts (Buenos Aires) y los santiague\u00f1os Agust\u00edn y Ariel Cocheri.<br>El torneo continuar\u00e1 este mi\u00e9rcoles por la ma\u00f1ana con la llave final de las categor\u00edas sub 23 y Todo Competidor (masculino y femenino). Desde el mediod\u00eda ser\u00e1 el turno del selectivo sub 11 y sub 13 clasificatorio para el sudamericano que se disputar\u00e1 este a\u00f1o en Paraguay, donde tiene grandes chances Luciana Fr\u00edas Paz, de Santiago del Estero, quien ya se consagr\u00f3 como campeona en sub 13 y fue segunda en sub 15.<\/p>\n","protected":false},"excerpt":{"rendered":"<p>El gobernador Gerardo Zamora particip\u00f3 este martes por la tarde de la entrega de premios del Torneo Gran Prix \u00abMadre de Ciudades\u00bb de Tenis de Mesa que se desarrolla desde el lunes en las instalaciones del Nodo Tecnol\u00f3gico, con m\u00e1s de 400 competidores de distintos puntos del pa\u00eds.<\/p>\n","protected":false},"author":2,"featured_media":49531,"comment_status":"open","ping_status":"open","sticky":false,"template":"","format":"standard","meta":{"om_disable_all_campaigns":false,"_monsterinsights_skip_tracking":false,"_monsterinsights_sitenote_active":false,"_monsterinsights_sitenote_note":"","_monsterinsights_sitenote_category":0,"_uf_show_specific_survey":0,"_uf_disable_surveys":false,"jetpack_post_was_ever_published":false,"_jetpack_newsletter_access":"","_jetpack_dont_email_post_to_subs":false,"_jetpack_newsletter_tier_id":0,"_jetpack_memberships_contains_paywalled_content":false,"_jetpack_memberships_contains_paid_content":false,"footnotes":"","jetpack_publicize_message":"","jetpack_publicize_feature_enabled":true,"jetpack_social_post_already_shared":false,"jetpack_social_options":{"image_generator_settings":{"template":"highway","default_image_id":0,"font":"","enabled":false},"version":2}},"categories":[21],"tags":[],"class_list":["post-49529","post","type-post","status-publish","format-standard","has-post-thumbnail","hentry","category-locales"],"aioseo_notices":[],"views":13,"jetpack_publicize_connections":[],"jetpack_featured_media_url":"https:\/\/i0.wp.com\/elterritorialweb.com.ar\/web\/wp-content\/uploads\/2023\/02\/WhatsApp-Image-2023-02-21-at-23.57.21.jpeg?fit=1600%2C1057","jetpack_sharing_enabled":true,"_links":{"self":[{"href":"http:\/\/elterritorialweb.com.ar\/web\/wp-json\/wp\/v2\/posts\/49529","targetHints":{"allow":["GET"]}}],"collection":[{"href":"http:\/\/elterritorialweb.com.ar\/web\/wp-json\/wp\/v2\/posts"}],"about":[{"href":"http:\/\/elterritorialweb.com.ar\/web\/wp-json\/wp\/v2\/types\/post"}],"author":[{"embeddable":true,"href":"http:\/\/elterritorialweb.com.ar\/web\/wp-json\/wp\/v2\/users\/2"}],"replies":[{"embeddable":true,"href":"http:\/\/elterritorialweb.com.ar\/web\/wp-json\/wp\/v2\/comments?post=49529"}],"version-history":[{"count":1,"href":"http:\/\/elterritorialweb.com.ar\/web\/wp-json\/wp\/v2\/posts\/49529\/revisions"}],"predecessor-version":[{"id":49532,"href":"http:\/\/elterritorialweb.com.ar\/web\/wp-json\/wp\/v2\/posts\/49529\/revisions\/49532"}],"wp:featuredmedia":[{"embeddable":true,"href":"http:\/\/elterritorialweb.com.ar\/web\/wp-json\/wp\/v2\/media\/49531"}],"wp:attachment":[{"href":"http:\/\/elterritorialweb.com.ar\/web\/wp-json\/wp\/v2\/media?parent=49529"}],"wp:term":[{"taxonomy":"category","embeddable":true,"href":"http:\/\/elterritorialweb.com.ar\/web\/wp-json\/wp\/v2\/categories?post=49529"},{"taxonomy":"post_tag","embeddable":true,"href":"http:\/\/elterritorialweb.com.ar\/web\/wp-json\/wp\/v2\/tags?post=49529"}],"curies":[{"name":"wp","href":"https:\/\/api.w.org\/{rel}","templated":true}]}}