{"id":49536,"date":"2023-02-22T03:27:45","date_gmt":"2023-02-22T03:27:45","guid":{"rendered":"http:\/\/elterritorialweb.com.ar\/web\/?p=49536"},"modified":"2023-02-22T03:27:46","modified_gmt":"2023-02-22T03:27:46","slug":"nediani-impulso-a-otra-emprendedora-con-el-programa-emprendiendo-suenos","status":"publish","type":"post","link":"http:\/\/elterritorialweb.com.ar\/web\/nediani-impulso-a-otra-emprendedora-con-el-programa-emprendiendo-suenos\/","title":{"rendered":"NEDIANI IMPULS\u00d3 A OTRA EMPRENDEDORA CON EL PROGRAMA \u00abEMPRENDIENDO SUE\u00d1OS\u00bb"},"content":{"rendered":"\n<p>En esta oportunidad, Nediani junto al coordinador de la Oficina de Emprendedores, Marcelo Abraham; el secretario de Coordinaci\u00f3n y Desarrollo Territorial, Mat\u00edas Nediani y la secretaria de Comunicaci\u00f3n, Fernanda Raschi hizo entrega de un horno pizzero a la vecina Alejandra G\u00f3mez.<br>En la oportunidad, la beneficiaria destac\u00f3: \u201cPara seguir creciendo solicite al municipio un horno pizzero ya que es una de las herramientas fundamentales para realizar mis productos de una manera m\u00e1s r\u00e1pida y para seguir avanzando con mi trabajo junto a mi personal, y lo principal que es una de mis fuentes de ingreso econ\u00f3mico para mi familia\u201d.<br>Agreg\u00f3: \u201cYa hace un a\u00f1o que comenc\u00e9 con este emprendimiento, realiz\u00f3 pizzas, empanadas entre otras comidas, que llevo a cabo por medio de pedidos\u201d.<br>Las personas interesadas en ser beneficiarias del Programa \u00abEmprendiendo Suelos\u00bb deben descargar el formulario de solicitud que encontrar\u00e1n en https:\/\/www.labanda.gob.ar\/formularios\/.<br>Cabe destacar, que se debe adjuntar al mismo, al menos dos presupuestos de diferentes lugares, de todos los materiales y\/o herramientas que necesite, adem\u00e1s, copia del DNI, constancia de CUIL, negativa de ANSES y certificado de residencia. Una vez completos los requisitos, deben ser presentados en Mesa de Entrada del palacio municipal.<\/p>\n","protected":false},"excerpt":{"rendered":"<p>Como parte del programa \u201cEmprendiendo Sue\u00f1os\u201d, el intendente Roger Nediani entreg\u00f3 una herramienta gastron\u00f3mica a una emprendedora del barrio Men\u00e9ndez.<\/p>\n","protected":false},"author":2,"featured_media":49537,"comment_status":"open","ping_status":"open","sticky":false,"template":"","format":"standard","meta":{"om_disable_all_campaigns":false,"_monsterinsights_skip_tracking":false,"_monsterinsights_sitenote_active":false,"_monsterinsights_sitenote_note":"","_monsterinsights_sitenote_category":0,"_uf_show_specific_survey":0,"_uf_disable_surveys":false,"jetpack_post_was_ever_published":false,"_jetpack_newsletter_access":"","_jetpack_dont_email_post_to_subs":false,"_jetpack_newsletter_tier_id":0,"_jetpack_memberships_contains_paywalled_content":false,"_jetpack_memberships_contains_paid_content":false,"footnotes":"","jetpack_publicize_message":"","jetpack_publicize_feature_enabled":true,"jetpack_social_post_already_shared":false,"jetpack_social_options":{"image_generator_settings":{"template":"highway","default_image_id":0,"font":"","enabled":false},"version":2}},"categories":[9],"tags":[],"class_list":["post-49536","post","type-post","status-publish","format-standard","has-post-thumbnail","hentry","category-banda"],"aioseo_notices":[],"views":9,"jetpack_publicize_connections":[],"jetpack_featured_media_url":"https:\/\/i0.wp.com\/elterritorialweb.com.ar\/web\/wp-content\/uploads\/2023\/02\/WhatsApp-Image-2023-02-21-at-15.39.18.jpeg?fit=1280%2C867","jetpack_sharing_enabled":true,"_links":{"self":[{"href":"http:\/\/elterritorialweb.com.ar\/web\/wp-json\/wp\/v2\/posts\/49536","targetHints":{"allow":["GET"]}}],"collection":[{"href":"http:\/\/elterritorialweb.com.ar\/web\/wp-json\/wp\/v2\/posts"}],"about":[{"href":"http:\/\/elterritorialweb.com.ar\/web\/wp-json\/wp\/v2\/types\/post"}],"author":[{"embeddable":true,"href":"http:\/\/elterritorialweb.com.ar\/web\/wp-json\/wp\/v2\/users\/2"}],"replies":[{"embeddable":true,"href":"http:\/\/elterritorialweb.com.ar\/web\/wp-json\/wp\/v2\/comments?post=49536"}],"version-history":[{"count":1,"href":"http:\/\/elterritorialweb.com.ar\/web\/wp-json\/wp\/v2\/posts\/49536\/revisions"}],"predecessor-version":[{"id":49538,"href":"http:\/\/elterritorialweb.com.ar\/web\/wp-json\/wp\/v2\/posts\/49536\/revisions\/49538"}],"wp:featuredmedia":[{"embeddable":true,"href":"http:\/\/elterritorialweb.com.ar\/web\/wp-json\/wp\/v2\/media\/49537"}],"wp:attachment":[{"href":"http:\/\/elterritorialweb.com.ar\/web\/wp-json\/wp\/v2\/media?parent=49536"}],"wp:term":[{"taxonomy":"category","embeddable":true,"href":"http:\/\/elterritorialweb.com.ar\/web\/wp-json\/wp\/v2\/categories?post=49536"},{"taxonomy":"post_tag","embeddable":true,"href":"http:\/\/elterritorialweb.com.ar\/web\/wp-json\/wp\/v2\/tags?post=49536"}],"curies":[{"name":"wp","href":"https:\/\/api.w.org\/{rel}","templated":true}]}}