{"id":49539,"date":"2023-02-22T03:32:33","date_gmt":"2023-02-22T03:32:33","guid":{"rendered":"http:\/\/elterritorialweb.com.ar\/web\/?p=49539"},"modified":"2023-02-22T03:32:34","modified_gmt":"2023-02-22T03:32:34","slug":"argentina-capacito-a-350-agentes-de-viaje-en-7-ciudades-de-brasil","status":"publish","type":"post","link":"http:\/\/elterritorialweb.com.ar\/web\/argentina-capacito-a-350-agentes-de-viaje-en-7-ciudades-de-brasil\/","title":{"rendered":"<strong>ARGENTINA CAPACIT\u00d3 A 350 AGENTES DE VIAJE EN 7 CIUDADES DE BRASIL<\/strong>"},"content":{"rendered":"\n<p>2022 marc\u00f3 el a\u00f1o de recuperaci\u00f3n post pandemia para el turismo receptivo argentino y Brasil, con casi 800 mil turistas, fue uno de los grandes mercados que posibilitaron este camino ascendente.<\/p>\n\n\n\n<p>Para continuar los logros obtenidos e ir por m\u00e1s, el&nbsp;<strong>Instituto Nacional de Promoci\u00f3n Tur\u00edstica (INPROTUR)&nbsp;<\/strong>llev\u00f3 adelante junto a las operadoras tur\u00edsticas brasile\u00f1as&nbsp;<strong>Orinter y Diversa dos destacados roadshows<\/strong>&nbsp;por las ciudades de&nbsp;<strong>Vitoria, Juiz de Fora, Ribeir\u00e3o Preto, S\u00e3o Jos\u00e9 de Rio Preto, Campinas, Belo Horizonte y R\u00edo de Janeiro<\/strong>.<\/p>\n\n\n\n<p><em>\u201cLuego de presentarle al Embajador Daniel Scioli nuestras acciones de este a\u00f1o para Brasil, apuntamos no s\u00f3lo a recuperar la totalidad de los viajeros y viajeras brasile\u00f1as que llegaban al pa\u00eds antes de la pandemia, sino que pretendemos superar esa marca. Con este gran trabajo que ya hicimos y que seguiremos haciendo, estimamos excelentes resultados para fin de a\u00f1o\u201d<\/em>, asegur\u00f3 el&nbsp;<strong>Secretario Ejecutivo del INPROTUR, Ricardo Sosa<\/strong>.<\/p>\n\n\n\n<figure class=\"wp-block-image size-full\"><a href=\"https:\/\/i0.wp.com\/elterritorialweb.com.ar\/web\/wp-content\/uploads\/2023\/02\/unnamed-3-2.jpg\"><img data-recalc-dims=\"1\" decoding=\"async\" width=\"640\" height=\"356\" data-src=\"https:\/\/i0.wp.com\/elterritorialweb.com.ar\/web\/wp-content\/uploads\/2023\/02\/unnamed-3-2.jpg?resize=640%2C356\" alt=\"\" class=\"wp-image-49541 lazyload\" data-srcset=\"https:\/\/i0.wp.com\/elterritorialweb.com.ar\/web\/wp-content\/uploads\/2023\/02\/unnamed-3-2.jpg?w=1000 1000w, https:\/\/i0.wp.com\/elterritorialweb.com.ar\/web\/wp-content\/uploads\/2023\/02\/unnamed-3-2.jpg?resize=300%2C167 300w, https:\/\/i0.wp.com\/elterritorialweb.com.ar\/web\/wp-content\/uploads\/2023\/02\/unnamed-3-2.jpg?resize=768%2C427 768w\" data-sizes=\"(max-width: 640px) 100vw, 640px\" src=\"data:image\/svg+xml;base64,PHN2ZyB3aWR0aD0iMSIgaGVpZ2h0PSIxIiB4bWxucz0iaHR0cDovL3d3dy53My5vcmcvMjAwMC9zdmciPjwvc3ZnPg==\" style=\"--smush-placeholder-width: 640px; --smush-placeholder-aspect-ratio: 640\/356;\" \/><\/a><\/figure>\n\n\n\n<p>Con un saldo de 350 agentes de viaje brasile\u00f1os capacitados, los encuentros fueron muy valiosos para generar capacitaciones, rondas de negocios y talleres con diferentes incentivos en pos de producir mayor atracci\u00f3n y ventas hacia Argentina.<\/p>\n\n\n\n<p>De cara a la pr\u00f3xima temporada de invierno, el trade tur\u00edstico de Brasil se mostr\u00f3 muy optimista en cuanto a las ventas hacia nuestros destinos. Desde&nbsp;<strong>ByFly y Agaxtur<\/strong>, dos de las operadoras m\u00e1s grandes de la vecina naci\u00f3n, aseguraron que&nbsp;<em>\u201cpara julio, ya tenemos bloqueadas casi 3 mil reservas para grandes sitios, como Bariloche, Ushuaia, Salta y San Mart\u00edn de los Andes. Esperamos una gran temporada\u201d<\/em>.<\/p>\n\n\n\n<p>Cabe destacar la muy buena gesti\u00f3n en conectividad que se logr\u00f3 a trav\u00e9s de Aerol\u00edneas Argentinas, con vuelos directos desde San Pablo y otras ciudades de Brasil a Buenos Aires, Salta-Tucum\u00e1n (regi\u00f3n Norte), Bariloche, San Mart\u00edn de los Andes, C\u00f3rdoba (en el centro geogr\u00e1fico de Argentina), El Calafate, Mendoza (destino premium de vinos y lifestyle), Rosario y Ushuaia (la ciudad del \u00a1Fin del Mundo!).<\/p>\n","protected":false},"excerpt":{"rendered":"<p>En el marco del plan de acciones presentado recientemente al Embajador argentino en el pa\u00eds vecino, Daniel Scioli, INPROTUR, junto a las operadoras Orinter y Diversa, realiz\u00f3 dos productivos roadshows en Vitoria, Juiz de Fora, Ribeir\u00e3o Preto, S\u00e3o Jos\u00e9 de Rio Preto, Campinas, Belo Horizonte y R\u00edo de Janeiro.<\/p>\n","protected":false},"author":2,"featured_media":49540,"comment_status":"open","ping_status":"open","sticky":false,"template":"","format":"standard","meta":{"om_disable_all_campaigns":false,"_monsterinsights_skip_tracking":false,"_monsterinsights_sitenote_active":false,"_monsterinsights_sitenote_note":"","_monsterinsights_sitenote_category":0,"_uf_show_specific_survey":0,"_uf_disable_surveys":false,"jetpack_post_was_ever_published":false,"_jetpack_newsletter_access":"","_jetpack_dont_email_post_to_subs":false,"_jetpack_newsletter_tier_id":0,"_jetpack_memberships_contains_paywalled_content":false,"_jetpack_memberships_contains_paid_content":false,"footnotes":"","jetpack_publicize_message":"","jetpack_publicize_feature_enabled":true,"jetpack_social_post_already_shared":false,"jetpack_social_options":{"image_generator_settings":{"template":"highway","default_image_id":0,"font":"","enabled":false},"version":2}},"categories":[29],"tags":[],"class_list":["post-49539","post","type-post","status-publish","format-standard","has-post-thumbnail","hentry","category-turismo"],"aioseo_notices":[],"views":5,"jetpack_publicize_connections":[],"jetpack_featured_media_url":"https:\/\/i0.wp.com\/elterritorialweb.com.ar\/web\/wp-content\/uploads\/2023\/02\/unnamed-2-2.jpg?fit=1600%2C900","jetpack_sharing_enabled":true,"_links":{"self":[{"href":"http:\/\/elterritorialweb.com.ar\/web\/wp-json\/wp\/v2\/posts\/49539","targetHints":{"allow":["GET"]}}],"collection":[{"href":"http:\/\/elterritorialweb.com.ar\/web\/wp-json\/wp\/v2\/posts"}],"about":[{"href":"http:\/\/elterritorialweb.com.ar\/web\/wp-json\/wp\/v2\/types\/post"}],"author":[{"embeddable":true,"href":"http:\/\/elterritorialweb.com.ar\/web\/wp-json\/wp\/v2\/users\/2"}],"replies":[{"embeddable":true,"href":"http:\/\/elterritorialweb.com.ar\/web\/wp-json\/wp\/v2\/comments?post=49539"}],"version-history":[{"count":1,"href":"http:\/\/elterritorialweb.com.ar\/web\/wp-json\/wp\/v2\/posts\/49539\/revisions"}],"predecessor-version":[{"id":49542,"href":"http:\/\/elterritorialweb.com.ar\/web\/wp-json\/wp\/v2\/posts\/49539\/revisions\/49542"}],"wp:featuredmedia":[{"embeddable":true,"href":"http:\/\/elterritorialweb.com.ar\/web\/wp-json\/wp\/v2\/media\/49540"}],"wp:attachment":[{"href":"http:\/\/elterritorialweb.com.ar\/web\/wp-json\/wp\/v2\/media?parent=49539"}],"wp:term":[{"taxonomy":"category","embeddable":true,"href":"http:\/\/elterritorialweb.com.ar\/web\/wp-json\/wp\/v2\/categories?post=49539"},{"taxonomy":"post_tag","embeddable":true,"href":"http:\/\/elterritorialweb.com.ar\/web\/wp-json\/wp\/v2\/tags?post=49539"}],"curies":[{"name":"wp","href":"https:\/\/api.w.org\/{rel}","templated":true}]}}