{"id":49544,"date":"2023-02-22T04:39:32","date_gmt":"2023-02-22T04:39:32","guid":{"rendered":"http:\/\/elterritorialweb.com.ar\/web\/?p=49544"},"modified":"2023-02-22T04:39:33","modified_gmt":"2023-02-22T04:39:33","slug":"conoce-el-cronograma-de-pagos-de-anses-para-este-miercoles-22-de-febrero","status":"publish","type":"post","link":"http:\/\/elterritorialweb.com.ar\/web\/conoce-el-cronograma-de-pagos-de-anses-para-este-miercoles-22-de-febrero\/","title":{"rendered":"CONOCE EL CRONOGRAMA DE PAGOS DE ANSES PARA ESTE MI\u00c9RCOLES 22 DE FEBRERO"},"content":{"rendered":"\n<p>La\u00a0<strong>ANSES<\/strong>, que dirige Fernanda Raverta, informa el\u00a0<strong>cronograma de pagos completo<\/strong>\u00a0para este mi\u00e9rcoles 22 de febrero de 2023 para jubilaciones, pensiones, AUH, AUE, prestaciones del SUAF y otros pagos. Cobran hoy:<\/p>\n\n\n\n<p>Junto a su haber, los jubilados con hasta dos haberes m\u00ednimos recibir\u00e1n un\u00a0bono de entre $7000 y $1000 como \u201crefuerzo de ingresos previsional\u201d\u00a0durante tres meses con lo que la jubilaci\u00f3n m\u00ednima queda por encima de $50.000 hasta el pr\u00f3ximo aumento por movilidad.<\/p>\n\n\n\n<h2 class=\"wp-block-heading\">AUH ANSES y Tarjeta Alimentar, qui\u00e9nes cobran hoy<\/h2>\n\n\n\n<p>DNI terminados en\u00a0<strong>8<\/strong>.<\/p>\n\n\n\n<figure class=\"wp-block-image size-large\"><a href=\"https:\/\/i0.wp.com\/elterritorialweb.com.ar\/web\/wp-content\/uploads\/2023\/02\/image-37.png\"><img data-recalc-dims=\"1\" decoding=\"async\" width=\"640\" height=\"108\" data-src=\"https:\/\/i0.wp.com\/elterritorialweb.com.ar\/web\/wp-content\/uploads\/2023\/02\/image-37.png?resize=640%2C108\" alt=\"\" class=\"wp-image-49546 lazyload\" data-srcset=\"https:\/\/i0.wp.com\/elterritorialweb.com.ar\/web\/wp-content\/uploads\/2023\/02\/image-37.png?resize=1024%2C173 1024w, https:\/\/i0.wp.com\/elterritorialweb.com.ar\/web\/wp-content\/uploads\/2023\/02\/image-37.png?resize=300%2C51 300w, https:\/\/i0.wp.com\/elterritorialweb.com.ar\/web\/wp-content\/uploads\/2023\/02\/image-37.png?resize=768%2C130 768w, https:\/\/i0.wp.com\/elterritorialweb.com.ar\/web\/wp-content\/uploads\/2023\/02\/image-37.png?w=1440 1440w, https:\/\/i0.wp.com\/elterritorialweb.com.ar\/web\/wp-content\/uploads\/2023\/02\/image-37.png?w=1280 1280w\" data-sizes=\"(max-width: 640px) 100vw, 640px\" src=\"data:image\/svg+xml;base64,PHN2ZyB3aWR0aD0iMSIgaGVpZ2h0PSIxIiB4bWxucz0iaHR0cDovL3d3dy53My5vcmcvMjAwMC9zdmciPjwvc3ZnPg==\" style=\"--smush-placeholder-width: 640px; --smush-placeholder-aspect-ratio: 640\/108;\" \/><\/a><\/figure>\n\n\n\n<h2 class=\"wp-block-heading\">Asignaci\u00f3n por Embarazo (AUE) y Tarjeta Alimentar, qui\u00e9nes cobran hoy<\/h2>\n\n\n\n<ul class=\"wp-block-list\">\n<li>DNI terminados en&nbsp;<strong>6<\/strong>.<\/li>\n<\/ul>\n\n\n\n<figure class=\"wp-block-image\"><img data-recalc-dims=\"1\" decoding=\"async\" data-src=\"https:\/\/i0.wp.com\/tn.com.ar\/resizer\/HUvx27CwVQihsIGUZyCIUBOBO1Q%3D\/767x0\/smart\/filters%3Aformat%28webp%29\/cloudfront-us-east-1.images.arcpublishing.com\/artear\/D27ZYD3MFFDR7NXDIHINTEXTOM.png?w=640&#038;ssl=1\" alt=\"ANSES cu\u00e1ndo cobro: el cronograma de pagos de este mi\u00e9rcoles 22 de febrero\" src=\"data:image\/svg+xml;base64,PHN2ZyB3aWR0aD0iMSIgaGVpZ2h0PSIxIiB4bWxucz0iaHR0cDovL3d3dy53My5vcmcvMjAwMC9zdmciPjwvc3ZnPg==\" class=\"lazyload\" \/><\/figure>\n\n\n\n<h3 class=\"wp-block-heading\">SUAF de ANSES, qui\u00e9nes cobran hoy<\/h3>\n\n\n\n<p>Hoy cobran la asignaci\u00f3n familiar por hijo, los empleados en relaci\u00f3n de dependencia y monotributistas con:<\/p>\n\n\n\n<ul class=\"wp-block-list\">\n<li>DNI terminados en<strong>&nbsp;8<\/strong>.<\/li>\n<\/ul>\n\n\n\n<h3 class=\"wp-block-heading\">Complemento SUAF ANSES, qui\u00e9nes cobran hoy<\/h3>\n\n\n\n<p>El complemento del salario familiar se paga desde octubre de 2021 como refuerzo a los ingresos de trabajadores registrados, monotributistas y titulares de la Prestaci\u00f3n por Desempleo con hijas y\/o hijos a cargo. La medida apunta a que entre la asignaci\u00f3n familiar y el plus SUAF,<strong>&nbsp;el trabajador con menores ingresos reciba $10.126.<\/strong><\/p>\n\n\n\n<p>Con el aumento de<strong>&nbsp;diciembre,<\/strong>&nbsp;los topes quedaron de la siguiente forma:<\/p>\n\n\n\n<ul class=\"wp-block-list\">\n<li>Reciben el<strong>&nbsp;salario familiar<\/strong>&nbsp;($9795) m\u00e1s&nbsp;<strong>$331<\/strong>&nbsp;los trabajadores con<strong>&nbsp;ingresos de hasta $151.703,<\/strong>&nbsp;monotributistas de las categor\u00edas A, B y C y titulares de la prestaci\u00f3n de desempleo.<\/li>\n\n\n\n<li>En tanto, el complemento del SUAF es de<strong>&nbsp;$224<\/strong>&nbsp;para trabajadores con ingresos de entre&nbsp;<strong>$151.703,01 y $222.490,<\/strong>&nbsp;y monotributistas de la categor\u00eda D, que se suma al salario familiar de $6006.<\/li>\n<\/ul>\n\n\n\n<p>Sin complemento SUAF, el salario familiar desde diciembre en:<\/p>\n\n\n\n<ul class=\"wp-block-list\">\n<li><strong>$3994<\/strong>&nbsp;entre $222.490,01 y $ 256.873;<\/li>\n\n\n\n<li><strong>$2059<\/strong>&nbsp;entre $256.873,01 y $316.731<\/li>\n<\/ul>\n\n\n\n<h3 class=\"wp-block-heading\">Asignaciones familiares de Pensiones no Contributivas (PNC), qui\u00e9nes cobran hoy<\/h3>\n\n\n\n<p>Todas las terminaciones de DNI cobran entre el&nbsp;<strong>8 de febrero y el 9 de marzo.<\/strong><\/p>\n\n\n\n<figure class=\"wp-block-image\"><img data-recalc-dims=\"1\" decoding=\"async\" data-src=\"https:\/\/i0.wp.com\/tn.com.ar\/resizer\/J1yJVFeODGdxOzRoz7O1ARnwMJk%3D\/767x0\/smart\/filters%3Aformat%28webp%29\/cloudfront-us-east-1.images.arcpublishing.com\/artear\/PBPWEHYGMVDLFOZBJJGPJ6ZLNQ.png?w=640&#038;ssl=1\" alt=\"ANSES cu\u00e1ndo cobro: el cronograma de pagos de este mi\u00e9rcoles 22 de febrero\" src=\"data:image\/svg+xml;base64,PHN2ZyB3aWR0aD0iMSIgaGVpZ2h0PSIxIiB4bWxucz0iaHR0cDovL3d3dy53My5vcmcvMjAwMC9zdmciPjwvc3ZnPg==\" class=\"lazyload\" \/><\/figure>\n\n\n\n<h3 class=\"wp-block-heading\">Asignaciones de Pago \u00danico. qui\u00e9nes cobran hoy<\/h3>\n\n\n\n<p>Desde el&nbsp;<strong>3 de febrero hasta el 9 de marzo<\/strong>&nbsp;se pagan las Asignaciones de Pago \u00danico (Matrimonio, Nacimiento y Adopci\u00f3n) de la&nbsp;<strong>primera quincena<\/strong>&nbsp;para todas las terminaciones de documento<\/p>\n\n\n\n<figure class=\"wp-block-image size-large\"><a href=\"https:\/\/i0.wp.com\/elterritorialweb.com.ar\/web\/wp-content\/uploads\/2023\/02\/image-36.png\"><img data-recalc-dims=\"1\" decoding=\"async\" width=\"640\" height=\"108\" data-src=\"https:\/\/i0.wp.com\/elterritorialweb.com.ar\/web\/wp-content\/uploads\/2023\/02\/image-36.png?resize=640%2C108\" alt=\"\" class=\"wp-image-49545 lazyload\" data-srcset=\"https:\/\/i0.wp.com\/elterritorialweb.com.ar\/web\/wp-content\/uploads\/2023\/02\/image-36.png?resize=1024%2C173 1024w, https:\/\/i0.wp.com\/elterritorialweb.com.ar\/web\/wp-content\/uploads\/2023\/02\/image-36.png?resize=300%2C51 300w, https:\/\/i0.wp.com\/elterritorialweb.com.ar\/web\/wp-content\/uploads\/2023\/02\/image-36.png?resize=768%2C130 768w, https:\/\/i0.wp.com\/elterritorialweb.com.ar\/web\/wp-content\/uploads\/2023\/02\/image-36.png?w=1440 1440w, https:\/\/i0.wp.com\/elterritorialweb.com.ar\/web\/wp-content\/uploads\/2023\/02\/image-36.png?w=1280 1280w\" data-sizes=\"(max-width: 640px) 100vw, 640px\" src=\"data:image\/svg+xml;base64,PHN2ZyB3aWR0aD0iMSIgaGVpZ2h0PSIxIiB4bWxucz0iaHR0cDovL3d3dy53My5vcmcvMjAwMC9zdmciPjwvc3ZnPg==\" style=\"--smush-placeholder-width: 640px; --smush-placeholder-aspect-ratio: 640\/108;\" \/><\/a><\/figure>\n","protected":false},"excerpt":{"rendered":"<p>El detalle de qui\u00e9nes reciben hoy las distintas prestaciones de la ANSES.<\/p>\n","protected":false},"author":2,"featured_media":32274,"comment_status":"open","ping_status":"open","sticky":false,"template":"","format":"standard","meta":{"om_disable_all_campaigns":false,"_monsterinsights_skip_tracking":false,"_monsterinsights_sitenote_active":false,"_monsterinsights_sitenote_note":"","_monsterinsights_sitenote_category":0,"_uf_show_specific_survey":0,"_uf_disable_surveys":false,"jetpack_post_was_ever_published":false,"_jetpack_newsletter_access":"","_jetpack_dont_email_post_to_subs":false,"_jetpack_newsletter_tier_id":0,"_jetpack_memberships_contains_paywalled_content":false,"_jetpack_memberships_contains_paid_content":false,"footnotes":"","jetpack_publicize_message":"","jetpack_publicize_feature_enabled":true,"jetpack_social_post_already_shared":true,"jetpack_social_options":{"image_generator_settings":{"template":"highway","default_image_id":0,"font":"","enabled":false},"version":2}},"categories":[4,2],"tags":[],"class_list":["post-49544","post","type-post","status-publish","format-standard","has-post-thumbnail","hentry","category-destacadas","category-economia"],"aioseo_notices":[],"views":46,"jetpack_publicize_connections":[],"jetpack_featured_media_url":"https:\/\/i0.wp.com\/elterritorialweb.com.ar\/web\/wp-content\/uploads\/2022\/01\/anses_jubilados.jpg_792575817.jpg?fit=1200%2C1200","jetpack_sharing_enabled":true,"_links":{"self":[{"href":"http:\/\/elterritorialweb.com.ar\/web\/wp-json\/wp\/v2\/posts\/49544","targetHints":{"allow":["GET"]}}],"collection":[{"href":"http:\/\/elterritorialweb.com.ar\/web\/wp-json\/wp\/v2\/posts"}],"about":[{"href":"http:\/\/elterritorialweb.com.ar\/web\/wp-json\/wp\/v2\/types\/post"}],"author":[{"embeddable":true,"href":"http:\/\/elterritorialweb.com.ar\/web\/wp-json\/wp\/v2\/users\/2"}],"replies":[{"embeddable":true,"href":"http:\/\/elterritorialweb.com.ar\/web\/wp-json\/wp\/v2\/comments?post=49544"}],"version-history":[{"count":1,"href":"http:\/\/elterritorialweb.com.ar\/web\/wp-json\/wp\/v2\/posts\/49544\/revisions"}],"predecessor-version":[{"id":49547,"href":"http:\/\/elterritorialweb.com.ar\/web\/wp-json\/wp\/v2\/posts\/49544\/revisions\/49547"}],"wp:featuredmedia":[{"embeddable":true,"href":"http:\/\/elterritorialweb.com.ar\/web\/wp-json\/wp\/v2\/media\/32274"}],"wp:attachment":[{"href":"http:\/\/elterritorialweb.com.ar\/web\/wp-json\/wp\/v2\/media?parent=49544"}],"wp:term":[{"taxonomy":"category","embeddable":true,"href":"http:\/\/elterritorialweb.com.ar\/web\/wp-json\/wp\/v2\/categories?post=49544"},{"taxonomy":"post_tag","embeddable":true,"href":"http:\/\/elterritorialweb.com.ar\/web\/wp-json\/wp\/v2\/tags?post=49544"}],"curies":[{"name":"wp","href":"https:\/\/api.w.org\/{rel}","templated":true}]}}