{"id":49551,"date":"2023-02-22T05:42:49","date_gmt":"2023-02-22T05:42:49","guid":{"rendered":"http:\/\/elterritorialweb.com.ar\/web\/?p=49551"},"modified":"2023-02-22T05:42:50","modified_gmt":"2023-02-22T05:42:50","slug":"massa-aseguro-que-la-gripe-aviar-no-afecta-a-la-produccion-ni-al-consumo","status":"publish","type":"post","link":"http:\/\/elterritorialweb.com.ar\/web\/massa-aseguro-que-la-gripe-aviar-no-afecta-a-la-produccion-ni-al-consumo\/","title":{"rendered":"MASSA ASEGUR\u00d3 QUE LA GRIPE AVIAR NO AFECTA A LA PRODUCCI\u00d3N NI AL CONSUMO"},"content":{"rendered":"\n<p>El ministro de Econom\u00eda,&nbsp;<strong>Sergio Massa<\/strong>, asegur\u00f3 este martes que hasta el momento&nbsp;<strong>la gripe aviar no afecta al proceso de producci\u00f3n o consumo<\/strong>, a partir de la detecci\u00f3n de varios casos en aves silvestres y aves de corral hogare\u00f1as en las provincias de Jujuy, Salta, C\u00f3rdoba y Santa Fe.<\/p>\n\n\n\n<p>\u00ab<strong>No hay riesgo para la poblaci\u00f3n ni para las exportaciones argentinas\u00bb,&nbsp;<\/strong>afirm\u00f3 el titular del Palacio de Hacienda durante una conferencia de prensa que brind\u00f3 junto al secretario de Agricultura, Juan Jos\u00e9 Bahillo, el jefe de Gabinete de esa Secretaria, Juan Manuel Fern\u00e1ndez Arocena, la presidenta del Senasa, Diana Guill\u00e9n, y su vice, Rodolfo Acerbi.<\/p>\n\n\n\n<p>Massa anunci\u00f3 la decisi\u00f3n de&nbsp;<strong>poner en \u00abm\u00e1xima alerta\u00bb a todo el sistema sanitario<\/strong>&nbsp;en relaci\u00f3n a la influenza aviar y la creaci\u00f3n de un&nbsp;<strong>programa para compensar a los productores<\/strong>&nbsp;que puedan ser afectados.<\/p>\n\n\n\n<p>En ese sentido, comunic\u00f3 que habr\u00e1 una&nbsp;<strong>inversi\u00f3n de casi $1.000 millones<\/strong>&nbsp;para reforzar la prevenci\u00f3n de la enfermedad en el circuito comercial y \u00abgarantizar que en los pr\u00f3ximos cuatro meses haya un programa coordinado de barrera sanitaria que permita seguir abasteciendo los mercados internos e internacionales\u00bb.<\/p>\n\n\n\n<p>\u00abLa producci\u00f3n aviar representa m\u00e1s de u$s350 millones en exportaciones y un solo caso (de influenza aviar) en el proceso productivo nos pone autom\u00e1ticamente frente al proceso de suspensi\u00f3n de esas exportaciones\u00bb, explic\u00f3 el ministro.<\/p>\n\n\n\n<h3 class=\"wp-block-heading\">Prevenci\u00f3n, detecci\u00f3n y control territorial<\/h3>\n\n\n\n<p>Bahillo precis\u00f3 que el refuerzo presupuestario ser\u00e1 de $909 millones para mejorar la&nbsp;<strong>prevenci\u00f3n, detecci\u00f3n y el control territorial<\/strong>&nbsp;de la influenza aviar y una compensaci\u00f3n econ\u00f3mica para la reposici\u00f3n de aves afectadas.<\/p>\n\n\n\n<p>\u201cSe ha decidido un refuerzo presupuestario para hacer una inversi\u00f3n en el marco del Programa contra la Influenza aviar, de $909 millones que comprende equipamiento de laboratorio, insumos de laboratorio, equipamiento para movilidad, equipamiento inform\u00e1tico, gastos de difusi\u00f3n, un refuerzo tambi\u00e9n en todo lo que es recursos humanos para poder tener mejor presencia y control territorial\u201d, afirm\u00f3 el funcionario.<\/p>\n\n\n\n<p>\u201cEsto tiene que con recomponer la situaci\u00f3n econ\u00f3mica de todo aquel productor, vecino, productor rural que vea afectada su econom\u00eda, ya que por ahora las aves traspatio o aves silvestres o de consumo familiar que se han detectado, y que se procede obviamente a su sacrificio, vamos a compensar econ\u00f3micamente la reposici\u00f3n de estas aves, de estas unidades, porque&nbsp;<strong>queremos transmitir tranquilidad<\/strong>\u201d, destac\u00f3 el funcionario.<\/p>\n\n\n\n<p>M\u00e1s tarde, Guillen explic\u00f3 que \u00abel \u00e9xito est\u00e1 en detectar lo m\u00e1s r\u00e1pidamente que podamos las aves afectadas para que podamos proceder con las medidas de control que se deben realizar cuando aparecen aves aves afectadas en alg\u00fan foco\u00bb.<\/p>\n\n\n\n<p>\u00abEs una lucha cuerpo a cuerpo, estamos tratando de identificar donde est\u00e1 y la verdad es que la comunidad y todos los organismos que trabajan con nosotros y que tienen una distribuci\u00f3n territorial nos est\u00e1n avisando donde aparecen animales muertos o algunas sintomatolog\u00edas extra\u00f1as en el animal\u00bb, se\u00f1al\u00f3.<\/p>\n\n\n\n<p>La titular del Senasa resalt\u00f3: \u00abQueremos recalcar a la poblaci\u00f3n es que no debe agarrar los animales que est\u00e9n muertos o que vean con sintomatolog\u00eda extra\u00f1a,&nbsp;<strong>no se contagia la enfermedad si no se manipula un animal enfermo<\/strong>\u00ab.<\/p>\n\n\n\n<p>\u00abPor lo tanto lo que deben hacer inmediatamente es avisar al Senasa y el Senasa retirar\u00e1 con medidas de seguridad los animales y procederemos a hacer los an\u00e1lisis para corroborar si es influenza o es otra raz\u00f3n lo que ha provocado la muerte de esos animales\u00bb, concluy\u00f3.<\/p>\n\n\n\n<p>En el final de la conferencia de prensa, Massa plante\u00f3 la necesidad de \u00abtrabajar unidos para garantizar un mejor funcionamiento que permita enfrentar fen\u00f3menos\u00bb como una de las peores sequ\u00eda, la vaca loca en Brasil, gripe aviar, \u00abcondiciones extraordinarias en momento en que el mundo necesita la producci\u00f3n argentina\u00bb.<\/p>\n","protected":false},"excerpt":{"rendered":"<p>El ministro de Econom\u00eda anunci\u00f3 un programa de trabajo para fortalecer las medidas preventivas y una inversi\u00f3n de casi $1.000 millones<\/p>\n","protected":false},"author":2,"featured_media":49552,"comment_status":"open","ping_status":"open","sticky":false,"template":"","format":"standard","meta":{"om_disable_all_campaigns":false,"_monsterinsights_skip_tracking":false,"_monsterinsights_sitenote_active":false,"_monsterinsights_sitenote_note":"","_monsterinsights_sitenote_category":0,"_uf_show_specific_survey":0,"_uf_disable_surveys":false,"jetpack_post_was_ever_published":false,"_jetpack_newsletter_access":"","_jetpack_dont_email_post_to_subs":false,"_jetpack_newsletter_tier_id":0,"_jetpack_memberships_contains_paywalled_content":false,"_jetpack_memberships_contains_paid_content":false,"footnotes":"","jetpack_publicize_message":"","jetpack_publicize_feature_enabled":true,"jetpack_social_post_already_shared":true,"jetpack_social_options":{"image_generator_settings":{"template":"highway","default_image_id":0,"font":"","enabled":false},"version":2}},"categories":[2],"tags":[],"class_list":["post-49551","post","type-post","status-publish","format-standard","has-post-thumbnail","hentry","category-economia"],"aioseo_notices":[],"views":11,"jetpack_publicize_connections":[],"jetpack_featured_media_url":"https:\/\/i0.wp.com\/elterritorialweb.com.ar\/web\/wp-content\/uploads\/2023\/02\/63f5550d6d65e_360_480.jpg?fit=360%2C480","jetpack_sharing_enabled":true,"_links":{"self":[{"href":"http:\/\/elterritorialweb.com.ar\/web\/wp-json\/wp\/v2\/posts\/49551","targetHints":{"allow":["GET"]}}],"collection":[{"href":"http:\/\/elterritorialweb.com.ar\/web\/wp-json\/wp\/v2\/posts"}],"about":[{"href":"http:\/\/elterritorialweb.com.ar\/web\/wp-json\/wp\/v2\/types\/post"}],"author":[{"embeddable":true,"href":"http:\/\/elterritorialweb.com.ar\/web\/wp-json\/wp\/v2\/users\/2"}],"replies":[{"embeddable":true,"href":"http:\/\/elterritorialweb.com.ar\/web\/wp-json\/wp\/v2\/comments?post=49551"}],"version-history":[{"count":1,"href":"http:\/\/elterritorialweb.com.ar\/web\/wp-json\/wp\/v2\/posts\/49551\/revisions"}],"predecessor-version":[{"id":49553,"href":"http:\/\/elterritorialweb.com.ar\/web\/wp-json\/wp\/v2\/posts\/49551\/revisions\/49553"}],"wp:featuredmedia":[{"embeddable":true,"href":"http:\/\/elterritorialweb.com.ar\/web\/wp-json\/wp\/v2\/media\/49552"}],"wp:attachment":[{"href":"http:\/\/elterritorialweb.com.ar\/web\/wp-json\/wp\/v2\/media?parent=49551"}],"wp:term":[{"taxonomy":"category","embeddable":true,"href":"http:\/\/elterritorialweb.com.ar\/web\/wp-json\/wp\/v2\/categories?post=49551"},{"taxonomy":"post_tag","embeddable":true,"href":"http:\/\/elterritorialweb.com.ar\/web\/wp-json\/wp\/v2\/tags?post=49551"}],"curies":[{"name":"wp","href":"https:\/\/api.w.org\/{rel}","templated":true}]}}