{"id":49979,"date":"2023-03-02T03:04:21","date_gmt":"2023-03-02T03:04:21","guid":{"rendered":"http:\/\/elterritorialweb.com.ar\/web\/?p=49979"},"modified":"2023-03-02T03:04:24","modified_gmt":"2023-03-02T03:04:24","slug":"destacan-el-plan-de-obras-provinciales-para-el-departamento-choya","status":"publish","type":"post","link":"http:\/\/elterritorialweb.com.ar\/web\/destacan-el-plan-de-obras-provinciales-para-el-departamento-choya\/","title":{"rendered":"DESTACAN EL PLAN DE OBRAS PROVINCIALES PARA EL DEPARTAMENTO CHOYA"},"content":{"rendered":"\n<p>En ejecuci\u00f3n se encuentran: la construcci\u00f3n de un sum, cambio de pisos, cielorrasos e instalaci\u00f3n el\u00e9ctrica en la Escuela Normal Superior N\u00b0 2 Rep\u00fablica del Ecuador de Fr\u00edas; la demolici\u00f3n de cubierta de techo, piso, revoques, sobretecho met\u00e1lico, vereda perimetral, desag\u00fces y arreglos generales en la Escuela N\u00b0 30 Bernardino Rivadavia de Choya; demolici\u00f3n de techo y piso, construcci\u00f3n de techo met\u00e1lico, cielorraso de pvc, piso, comedor y patio de formaci\u00f3n techado en la Escuela N\u00b0 95 y demolici\u00f3n de cielorraso, revoque, colocaci\u00f3n de cielorraso de pvc en Jard\u00edn de Infantes N\u00b0 543 de El Puestito; refacci\u00f3n y ampliaci\u00f3n en la Escuela N\u00b0 243 Manuel Alberto de Fr\u00edas, y construcci\u00f3n de aulas, taller de m\u00fasica, danza, sanitarios y administraci\u00f3n para el Espea N\u00b0 2 de Fr\u00edas.<br>Para licitaci\u00f3n: demoliciones, cubiertas, cielorrasos y refacciones generales en la Escuela N\u00b0 17 Felix y la construcci\u00f3n del nuevo edificio del Centro Judicial de Fr\u00edas.<br>En la etapa de proyectos se encuentran la construcci\u00f3n de aulas, sanitarios, ampliaci\u00f3n de cocina comedor, instalaci\u00f3n el\u00e9ctrica y refacci\u00f3n general de la Escuela N\u00b0 1112 Luciano Fortabat y la refacci\u00f3n general, demolici\u00f3n de techos y ejecuci\u00f3n de un sum en la Escuela N\u00b0 1079, ambas de Fr\u00edas.<br>Por su parte, la Diosse inform\u00f3 que se encuentra en marcha la ampliaci\u00f3n del acueducto a Tapso y Lavalle, a lo largo de 8 km y 2 perforaciones que se suman a las ya 4 existentes. Tambi\u00e9n est\u00e1 en ejecuci\u00f3n la habilitaci\u00f3n perforaci\u00f3n para 1,5 km del acueducto Tapso \u2013 Lavalle, casilla de bombeo y bomba, que ya se encuentra en servicio.<br>En tanto, el Consejo Provincial de Vialidad detall\u00f3 que en la cabecera del Dpto. Choya se encuentra con partida presupuestaria para este a\u00f1o los siguientes proyectos: la tercera etapa de la obra de pavimentaci\u00f3n de calles y accesos de Fr\u00edas y la pavimentaci\u00f3n de accesos aer\u00f3dromo de esa ciudad.<br>Por otra parte, actualmente est\u00e1n en ejecuci\u00f3n el parque tur\u00edstico y recreativo \u00abFr\u00edas nos Une\u00bb. Mientras que fueron ejecutadas en el per\u00edodo 2022 la pavimentaci\u00f3n de calles en la ciudad y el ingreso a la sede de Gendarmer\u00eda en Fr\u00edas.<br>Tambi\u00e9n por convenio por el Ministerio de Obras P\u00fablicas se concretaron la provisi\u00f3n de base estabilizada granular y otras obras de pavimentaci\u00f3n urbana.<br>En materia energ\u00e9tica, se destac\u00f3 la obra de provisi\u00f3n de electricidad a 15 familias del paraje Las Chacras, ubicadas en la margen izquierda (sentido de norte a sur) de la Ruta Provincial N\u00b06, en el departamento Choya, donde tambi\u00e9n se encuentran la Escuela N\u00b0 1.083 Los Ralos y un pozo de bombeo. En esta zona se est\u00e1 instalando 5,5 km de l\u00ednea de media tensi\u00f3n y 3,8 km de l\u00ednea de baja tensi\u00f3n.<br>Una obra similar se est\u00e1 ejecutando para los vecinos de Monte Redondo, donde se est\u00e1 construyendo aproximadamente 16 km de l\u00ednea de media tensi\u00f3n y 4 km de l\u00ednea de baja tensi\u00f3n. En total ser\u00e1n beneficiados 26 familias; un pozo de bombeo, un jard\u00edn de infantes y la Escuela N\u00b0 89 Manuel Del Casta\u00f1o.<br>Por otra parte, el Ministerio de Salud inform\u00f3 que actualmente se encuentran en ejecuci\u00f3n en el Hospital Zonal de Fr\u00edas un albergue para familiares y las instalaciones para un nuevo tom\u00f3grafo que se pondr\u00e1 en funcionamiento en mayo de 2023.<br>Para ejecutarse pr\u00f3ximamente est\u00e1 prevista la refacci\u00f3n general del Hospital de Tr\u00e1nsito de Villa La Punta y las obras de mejoramiento y ampliaci\u00f3n del Puesto Sanitario de Choya.<\/p>\n","protected":false},"excerpt":{"rendered":"<p>Durante el acto se dio a conocer un detalle de las obras en esta zona del territorio santiague\u00f1o que ya fueron concluidas, otras que se encuentran en ejecuci\u00f3n y tambi\u00e9n las que est\u00e1n en proceso de licitaci\u00f3n.<\/p>\n","protected":false},"author":2,"featured_media":49968,"comment_status":"open","ping_status":"open","sticky":false,"template":"","format":"standard","meta":{"om_disable_all_campaigns":false,"_monsterinsights_skip_tracking":false,"_monsterinsights_sitenote_active":false,"_monsterinsights_sitenote_note":"","_monsterinsights_sitenote_category":0,"_uf_show_specific_survey":0,"_uf_disable_surveys":false,"jetpack_post_was_ever_published":false,"_jetpack_newsletter_access":"","_jetpack_dont_email_post_to_subs":false,"_jetpack_newsletter_tier_id":0,"_jetpack_memberships_contains_paywalled_content":false,"_jetpack_memberships_contains_paid_content":false,"footnotes":"","jetpack_publicize_message":"","jetpack_publicize_feature_enabled":true,"jetpack_social_post_already_shared":true,"jetpack_social_options":{"image_generator_settings":{"template":"highway","default_image_id":0,"font":"","enabled":false},"version":2}},"categories":[21],"tags":[],"class_list":["post-49979","post","type-post","status-publish","format-standard","has-post-thumbnail","hentry","category-locales"],"aioseo_notices":[],"views":13,"jetpack_publicize_connections":[],"jetpack_featured_media_url":"https:\/\/i0.wp.com\/elterritorialweb.com.ar\/web\/wp-content\/uploads\/2023\/03\/WhatsApp-Image-2023-03-01-at-23.54.57-1.jpeg?fit=1599%2C1066","jetpack_sharing_enabled":true,"_links":{"self":[{"href":"http:\/\/elterritorialweb.com.ar\/web\/wp-json\/wp\/v2\/posts\/49979","targetHints":{"allow":["GET"]}}],"collection":[{"href":"http:\/\/elterritorialweb.com.ar\/web\/wp-json\/wp\/v2\/posts"}],"about":[{"href":"http:\/\/elterritorialweb.com.ar\/web\/wp-json\/wp\/v2\/types\/post"}],"author":[{"embeddable":true,"href":"http:\/\/elterritorialweb.com.ar\/web\/wp-json\/wp\/v2\/users\/2"}],"replies":[{"embeddable":true,"href":"http:\/\/elterritorialweb.com.ar\/web\/wp-json\/wp\/v2\/comments?post=49979"}],"version-history":[{"count":1,"href":"http:\/\/elterritorialweb.com.ar\/web\/wp-json\/wp\/v2\/posts\/49979\/revisions"}],"predecessor-version":[{"id":49980,"href":"http:\/\/elterritorialweb.com.ar\/web\/wp-json\/wp\/v2\/posts\/49979\/revisions\/49980"}],"wp:featuredmedia":[{"embeddable":true,"href":"http:\/\/elterritorialweb.com.ar\/web\/wp-json\/wp\/v2\/media\/49968"}],"wp:attachment":[{"href":"http:\/\/elterritorialweb.com.ar\/web\/wp-json\/wp\/v2\/media?parent=49979"}],"wp:term":[{"taxonomy":"category","embeddable":true,"href":"http:\/\/elterritorialweb.com.ar\/web\/wp-json\/wp\/v2\/categories?post=49979"},{"taxonomy":"post_tag","embeddable":true,"href":"http:\/\/elterritorialweb.com.ar\/web\/wp-json\/wp\/v2\/tags?post=49979"}],"curies":[{"name":"wp","href":"https:\/\/api.w.org\/{rel}","templated":true}]}}