{"id":49981,"date":"2023-03-02T03:11:35","date_gmt":"2023-03-02T03:11:35","guid":{"rendered":"http:\/\/elterritorialweb.com.ar\/web\/?p=49981"},"modified":"2023-03-02T03:11:38","modified_gmt":"2023-03-02T03:11:38","slug":"autoridades-provinciales-dieron-la-bienvenida-a-los-representantes-de-boca-y-patronato","status":"publish","type":"post","link":"http:\/\/elterritorialweb.com.ar\/web\/autoridades-provinciales-dieron-la-bienvenida-a-los-representantes-de-boca-y-patronato\/","title":{"rendered":"AUTORIDADES PROVINCIALES DIERON LA BIENVENIDA A LOS REPRESENTANTES DE BOCA Y PATRONATO"},"content":{"rendered":"\n<p>El jefe de Gabinete, El\u00edas Su\u00e1rez, junto con el secretario de Deportes, Carlos Dapello, y el subconsecretario de Turismo, Nelson Bravo, dieron la bienvenida en representaci\u00f3n del gobernador Gerardo Zamora a los presidentes de Patronato, Oscar Lenzi, y de Boca Juniors, Jorge Ameal. Adem\u00e1s, estuvieron Sergio Marchi, secretario de Futbolistas Argentinos Agremiados, y Gustavo Issak, presidente de la empresa Torneos, organizadora del evento.<\/p>\n\n\n\n<figure class=\"wp-block-image size-large\"><a href=\"https:\/\/i0.wp.com\/elterritorialweb.com.ar\/web\/wp-content\/uploads\/2023\/03\/WhatsApp-Image-2023-03-02-at-00.17.48-1.jpeg\"><img data-recalc-dims=\"1\" decoding=\"async\" width=\"640\" height=\"427\" data-src=\"https:\/\/i0.wp.com\/elterritorialweb.com.ar\/web\/wp-content\/uploads\/2023\/03\/WhatsApp-Image-2023-03-02-at-00.17.48-1.jpeg?resize=640%2C427\" alt=\"\" class=\"wp-image-49982 lazyload\" data-srcset=\"https:\/\/i0.wp.com\/elterritorialweb.com.ar\/web\/wp-content\/uploads\/2023\/03\/WhatsApp-Image-2023-03-02-at-00.17.48-1.jpeg?resize=1024%2C683 1024w, https:\/\/i0.wp.com\/elterritorialweb.com.ar\/web\/wp-content\/uploads\/2023\/03\/WhatsApp-Image-2023-03-02-at-00.17.48-1.jpeg?resize=300%2C200 300w, https:\/\/i0.wp.com\/elterritorialweb.com.ar\/web\/wp-content\/uploads\/2023\/03\/WhatsApp-Image-2023-03-02-at-00.17.48-1.jpeg?resize=768%2C512 768w, https:\/\/i0.wp.com\/elterritorialweb.com.ar\/web\/wp-content\/uploads\/2023\/03\/WhatsApp-Image-2023-03-02-at-00.17.48-1.jpeg?resize=1536%2C1024 1536w, https:\/\/i0.wp.com\/elterritorialweb.com.ar\/web\/wp-content\/uploads\/2023\/03\/WhatsApp-Image-2023-03-02-at-00.17.48-1.jpeg?w=1599 1599w, https:\/\/i0.wp.com\/elterritorialweb.com.ar\/web\/wp-content\/uploads\/2023\/03\/WhatsApp-Image-2023-03-02-at-00.17.48-1.jpeg?w=1280 1280w\" data-sizes=\"(max-width: 640px) 100vw, 640px\" src=\"data:image\/svg+xml;base64,PHN2ZyB3aWR0aD0iMSIgaGVpZ2h0PSIxIiB4bWxucz0iaHR0cDovL3d3dy53My5vcmcvMjAwMC9zdmciPjwvc3ZnPg==\" style=\"--smush-placeholder-width: 640px; --smush-placeholder-aspect-ratio: 640\/427;\" \/><\/a><\/figure>\n\n\n\n<p>En la oportunidad, las instituciones deportivas que disputar\u00e1n la final y las empresa organizadora otorgaron plaquetas recordatorias a la provincia y destacaron que \u00abes un honor jugar en el estadio m\u00e1s lindo de la Argentina\u00bb.<\/p>\n","protected":false},"excerpt":{"rendered":"<p>Previo a la final de la Supercopa Argentina en el Estadio \u00danico \u00abMadre de Ciudades\u00bb se realiz\u00f3 un encuentro de camarader\u00eda donde estuvieron presentes autoridades del Gobierno de la Provincia, de la Asociaci\u00f3n de F\u00fatbol Argentino y representes de los clubes Boca Juniors y Patronato de Paran\u00e1.<\/p>\n","protected":false},"author":2,"featured_media":49983,"comment_status":"open","ping_status":"open","sticky":false,"template":"","format":"standard","meta":{"om_disable_all_campaigns":false,"_monsterinsights_skip_tracking":false,"_monsterinsights_sitenote_active":false,"_monsterinsights_sitenote_note":"","_monsterinsights_sitenote_category":0,"_uf_show_specific_survey":0,"_uf_disable_surveys":false,"jetpack_post_was_ever_published":false,"_jetpack_newsletter_access":"","_jetpack_dont_email_post_to_subs":false,"_jetpack_newsletter_tier_id":0,"_jetpack_memberships_contains_paywalled_content":false,"_jetpack_memberships_contains_paid_content":false,"footnotes":"","jetpack_publicize_message":"","jetpack_publicize_feature_enabled":true,"jetpack_social_post_already_shared":true,"jetpack_social_options":{"image_generator_settings":{"template":"highway","default_image_id":0,"font":"","enabled":false},"version":2}},"categories":[21],"tags":[],"class_list":["post-49981","post","type-post","status-publish","format-standard","has-post-thumbnail","hentry","category-locales"],"aioseo_notices":[],"views":14,"jetpack_publicize_connections":[],"jetpack_featured_media_url":"https:\/\/i0.wp.com\/elterritorialweb.com.ar\/web\/wp-content\/uploads\/2023\/03\/WhatsApp-Image-2023-03-02-at-00.17.48.jpeg?fit=1599%2C1066","jetpack_sharing_enabled":true,"_links":{"self":[{"href":"http:\/\/elterritorialweb.com.ar\/web\/wp-json\/wp\/v2\/posts\/49981","targetHints":{"allow":["GET"]}}],"collection":[{"href":"http:\/\/elterritorialweb.com.ar\/web\/wp-json\/wp\/v2\/posts"}],"about":[{"href":"http:\/\/elterritorialweb.com.ar\/web\/wp-json\/wp\/v2\/types\/post"}],"author":[{"embeddable":true,"href":"http:\/\/elterritorialweb.com.ar\/web\/wp-json\/wp\/v2\/users\/2"}],"replies":[{"embeddable":true,"href":"http:\/\/elterritorialweb.com.ar\/web\/wp-json\/wp\/v2\/comments?post=49981"}],"version-history":[{"count":1,"href":"http:\/\/elterritorialweb.com.ar\/web\/wp-json\/wp\/v2\/posts\/49981\/revisions"}],"predecessor-version":[{"id":49984,"href":"http:\/\/elterritorialweb.com.ar\/web\/wp-json\/wp\/v2\/posts\/49981\/revisions\/49984"}],"wp:featuredmedia":[{"embeddable":true,"href":"http:\/\/elterritorialweb.com.ar\/web\/wp-json\/wp\/v2\/media\/49983"}],"wp:attachment":[{"href":"http:\/\/elterritorialweb.com.ar\/web\/wp-json\/wp\/v2\/media?parent=49981"}],"wp:term":[{"taxonomy":"category","embeddable":true,"href":"http:\/\/elterritorialweb.com.ar\/web\/wp-json\/wp\/v2\/categories?post=49981"},{"taxonomy":"post_tag","embeddable":true,"href":"http:\/\/elterritorialweb.com.ar\/web\/wp-json\/wp\/v2\/tags?post=49981"}],"curies":[{"name":"wp","href":"https:\/\/api.w.org\/{rel}","templated":true}]}}