{"id":49985,"date":"2023-03-02T03:28:33","date_gmt":"2023-03-02T03:28:33","guid":{"rendered":"http:\/\/elterritorialweb.com.ar\/web\/?p=49985"},"modified":"2023-03-02T03:47:31","modified_gmt":"2023-03-02T03:47:31","slug":"con-un-triplete-de-benedetto-boca-gano-la-supercopa-argentina","status":"publish","type":"post","link":"http:\/\/elterritorialweb.com.ar\/web\/con-un-triplete-de-benedetto-boca-gano-la-supercopa-argentina\/","title":{"rendered":"CON UN TRIPLETE DE BENEDETTO, BOCA GAN\u00d3 LA SUPERCOPA ARGENTINA"},"content":{"rendered":"\n<p>Boca no tuvo piedad ante Patronato y se consagr\u00f3 campe\u00f3n de la Supercopa Argentina tras golear 3-0 con un superlativo Dar\u00edo Benedetto, en un atractivo encuentro disputado en Santiago del Estero. El delantero hizo los tres goles y le dio el triunfo al conjunto \u00abXeneize\u00bb.<\/p>\n\n\n\n<p>El equipo de Hugo Ibarra sum\u00f3 su segunda Supercopa Argentina, y se convirti\u00f3 en el club m\u00e1s ganador del f\u00fatbol argentino en torneos locales con 52 conquistas (35 ligas y 17 copas), dejando en segundo lugar a su eterno rival, River.<\/p>\n\n\n\n<figure class=\"wp-block-image size-full is-resized\"><a href=\"https:\/\/i0.wp.com\/elterritorialweb.com.ar\/web\/wp-content\/uploads\/2023\/03\/BOCA-PATRONATO-3.jpg\"><img data-recalc-dims=\"1\" decoding=\"async\" data-src=\"https:\/\/i0.wp.com\/elterritorialweb.com.ar\/web\/wp-content\/uploads\/2023\/03\/BOCA-PATRONATO-3.jpg?resize=640%2C427\" alt=\"\" class=\"wp-image-49988 lazyload\" width=\"640\" height=\"427\" data-srcset=\"https:\/\/i0.wp.com\/elterritorialweb.com.ar\/web\/wp-content\/uploads\/2023\/03\/BOCA-PATRONATO-3.jpg?w=680 680w, https:\/\/i0.wp.com\/elterritorialweb.com.ar\/web\/wp-content\/uploads\/2023\/03\/BOCA-PATRONATO-3.jpg?resize=300%2C200 300w\" data-sizes=\"(max-width: 640px) 100vw, 640px\" src=\"data:image\/svg+xml;base64,PHN2ZyB3aWR0aD0iMSIgaGVpZ2h0PSIxIiB4bWxucz0iaHR0cDovL3d3dy53My5vcmcvMjAwMC9zdmciPjwvc3ZnPg==\" style=\"--smush-placeholder-width: 640px; --smush-placeholder-aspect-ratio: 640\/427;\" \/><\/a><\/figure>\n\n\n\n<p>El primero lleg\u00f3 a los 42 minutos del primer tiempo, tras\u00a0una hermosa jugada de Jorge Figal. El segundo, a los 7&#8242; del complemento, fue tras un corner enviado por Oscar Romero desde la derecha. El arquero Julio Salv\u00e1 dud\u00f3, qued\u00f3 a mitad de camino, y &#8216;Pipa&#8217; cabece\u00f3 solo en el \u00e1rea. El tercero, a los 17&#8242; de la segunda mitad, otro centro atr\u00e1s de Frank Fabra para que el &#8216;Pipa&#8217; entre solo y la empuje a la red.<\/p>\n\n\n\n<figure class=\"wp-block-image size-full is-resized\"><a href=\"https:\/\/i0.wp.com\/elterritorialweb.com.ar\/web\/wp-content\/uploads\/2023\/03\/BOCA-PATRONATO-2.jpg\"><img data-recalc-dims=\"1\" decoding=\"async\" data-src=\"https:\/\/i0.wp.com\/elterritorialweb.com.ar\/web\/wp-content\/uploads\/2023\/03\/BOCA-PATRONATO-2.jpg?resize=640%2C479\" alt=\"\" class=\"wp-image-49987 lazyload\" width=\"640\" height=\"479\" data-srcset=\"https:\/\/i0.wp.com\/elterritorialweb.com.ar\/web\/wp-content\/uploads\/2023\/03\/BOCA-PATRONATO-2.jpg?w=679 679w, https:\/\/i0.wp.com\/elterritorialweb.com.ar\/web\/wp-content\/uploads\/2023\/03\/BOCA-PATRONATO-2.jpg?resize=300%2C224 300w\" data-sizes=\"(max-width: 640px) 100vw, 640px\" src=\"data:image\/svg+xml;base64,PHN2ZyB3aWR0aD0iMSIgaGVpZ2h0PSIxIiB4bWxucz0iaHR0cDovL3d3dy53My5vcmcvMjAwMC9zdmciPjwvc3ZnPg==\" style=\"--smush-placeholder-width: 640px; --smush-placeholder-aspect-ratio: 640\/479;\" \/><\/a><\/figure>\n\n\n\n<p>La final se jug\u00f3 en el&nbsp;<strong>estadio Madre de Ciudades, de Santiago del Estero&nbsp;<\/strong>y fue arbitrado por Andr\u00e9s Merlos. El equipo dirigido por Hugo Ibarra conquist\u00f3 as\u00ed su&nbsp;<strong>primer t\u00edtulo del a\u00f1o<\/strong>, luego de haberse coronado campe\u00f3n en 2022 de la Copa de la Liga y de la Liga Profesional.<\/p>\n\n\n\n<p>Boca sum\u00f3 su segunda Supercopa Argentina y se convirti\u00f3 en\u00a0<strong>el club m\u00e1s ganador del f\u00fatbol argentino<\/strong>\u00a0en torneos locales con\u00a0<strong>52 conquistas<\/strong>, dejando en segundo lugar a su eterno rival, River.<\/p>\n\n\n\n<figure class=\"wp-block-image size-full is-resized\"><a href=\"https:\/\/i0.wp.com\/elterritorialweb.com.ar\/web\/wp-content\/uploads\/2023\/03\/BOCA-PATRONATO-1.jpg\"><img data-recalc-dims=\"1\" decoding=\"async\" data-src=\"https:\/\/i0.wp.com\/elterritorialweb.com.ar\/web\/wp-content\/uploads\/2023\/03\/BOCA-PATRONATO-1.jpg?resize=640%2C395\" alt=\"\" class=\"wp-image-49986 lazyload\" width=\"640\" height=\"395\" data-srcset=\"https:\/\/i0.wp.com\/elterritorialweb.com.ar\/web\/wp-content\/uploads\/2023\/03\/BOCA-PATRONATO-1.jpg?w=680 680w, https:\/\/i0.wp.com\/elterritorialweb.com.ar\/web\/wp-content\/uploads\/2023\/03\/BOCA-PATRONATO-1.jpg?resize=300%2C185 300w\" data-sizes=\"(max-width: 640px) 100vw, 640px\" src=\"data:image\/svg+xml;base64,PHN2ZyB3aWR0aD0iMSIgaGVpZ2h0PSIxIiB4bWxucz0iaHR0cDovL3d3dy53My5vcmcvMjAwMC9zdmciPjwvc3ZnPg==\" style=\"--smush-placeholder-width: 640px; --smush-placeholder-aspect-ratio: 640\/395;\" \/><\/a><\/figure>\n\n\n\n<h3 class=\"wp-block-heading\">SINTESIS DEL PARTIDO<\/h3>\n\n\n\n<p><strong>Boca:<\/strong> Javier Garc\u00eda; Luis Adv\u00edncula, Facundo Roncaglia, Nicol\u00e1s Figal, Frank Fabra; Ezequiel Fern\u00e1ndez, Alan Varela, \u00d3scar Romero; Luca Langoni, Dar\u00edo Benedetto y Sebasti\u00e1n Villa. DT: Hugo Ibarra.<\/p>\n\n\n\n<p><strong>Patronato: <\/strong>Julio C\u00e9sar Salv\u00e1; Mat\u00edas Ruiz D\u00edaz, Sergio Ojeda, Cristian Gonz\u00e1lez, Lucas Kruspzky, Facundo Cobos; Juan Barinaga, Brian Nievas, Nicol\u00e1s Domingo; Juan Cruz Esquivel e Ignacio Russo. DT: Walter Otta.<\/p>\n\n\n\n<p><strong>Gol en el primer tiempo:<\/strong> 41m Dar\u00edo Benedetto (B).<\/p>\n\n\n\n<p><strong>Goles en el segundo tiempo:<\/strong> 7m Dar\u00edo Benedetto (B), 16m Dar\u00edo Benedetto (B).<\/p>\n\n\n\n<p><strong>Cambios en el segundo tiempo:<\/strong> al inicio Nazareno Sol\u00eds por Ojeda (P), Gast\u00f3n Novero por Nievas (P), Bruno V\u00e1ldez por Roncaglia (B); 29m Miguel Merentiel por Benedetto (B), Norberto Briasco por Langoni (B), Juan Ram\u00edrez por Romero (B), Fabio V\u00e1zquez por Russo (P), Alexander Sosa por Esquivel (P); 32m Cristian Medina por Fern\u00e1ndez (B); 38m Jorge Vald\u00e9z Chamorro por Domingo (P).<\/p>\n","protected":false},"excerpt":{"rendered":"<p>Con hat-trick de Benedetto, el Xeneize gole\u00f3 3-0 a Patronato y se qued\u00f3 con la Supercopa. Adv\u00edncula fue titular y jug\u00f3 los 90&#8242;.<\/p>\n","protected":false},"author":2,"featured_media":49989,"comment_status":"open","ping_status":"open","sticky":false,"template":"","format":"standard","meta":{"om_disable_all_campaigns":false,"_monsterinsights_skip_tracking":false,"_monsterinsights_sitenote_active":false,"_monsterinsights_sitenote_note":"","_monsterinsights_sitenote_category":0,"_uf_show_specific_survey":0,"_uf_disable_surveys":false,"jetpack_post_was_ever_published":false,"_jetpack_newsletter_access":"","_jetpack_dont_email_post_to_subs":false,"_jetpack_newsletter_tier_id":0,"_jetpack_memberships_contains_paywalled_content":false,"_jetpack_memberships_contains_paid_content":false,"footnotes":"","jetpack_publicize_message":"","jetpack_publicize_feature_enabled":true,"jetpack_social_post_already_shared":true,"jetpack_social_options":{"image_generator_settings":{"template":"highway","default_image_id":0,"font":"","enabled":false},"version":2}},"categories":[6,4],"tags":[],"class_list":["post-49985","post","type-post","status-publish","format-standard","has-post-thumbnail","hentry","category-deportes","category-destacadas"],"aioseo_notices":[],"views":18,"jetpack_publicize_connections":[],"jetpack_featured_media_url":"https:\/\/i0.wp.com\/elterritorialweb.com.ar\/web\/wp-content\/uploads\/2023\/03\/BOCA-PATRONATO-scaled.jpg?fit=2560%2C2016","jetpack_sharing_enabled":true,"_links":{"self":[{"href":"http:\/\/elterritorialweb.com.ar\/web\/wp-json\/wp\/v2\/posts\/49985","targetHints":{"allow":["GET"]}}],"collection":[{"href":"http:\/\/elterritorialweb.com.ar\/web\/wp-json\/wp\/v2\/posts"}],"about":[{"href":"http:\/\/elterritorialweb.com.ar\/web\/wp-json\/wp\/v2\/types\/post"}],"author":[{"embeddable":true,"href":"http:\/\/elterritorialweb.com.ar\/web\/wp-json\/wp\/v2\/users\/2"}],"replies":[{"embeddable":true,"href":"http:\/\/elterritorialweb.com.ar\/web\/wp-json\/wp\/v2\/comments?post=49985"}],"version-history":[{"count":1,"href":"http:\/\/elterritorialweb.com.ar\/web\/wp-json\/wp\/v2\/posts\/49985\/revisions"}],"predecessor-version":[{"id":49990,"href":"http:\/\/elterritorialweb.com.ar\/web\/wp-json\/wp\/v2\/posts\/49985\/revisions\/49990"}],"wp:featuredmedia":[{"embeddable":true,"href":"http:\/\/elterritorialweb.com.ar\/web\/wp-json\/wp\/v2\/media\/49989"}],"wp:attachment":[{"href":"http:\/\/elterritorialweb.com.ar\/web\/wp-json\/wp\/v2\/media?parent=49985"}],"wp:term":[{"taxonomy":"category","embeddable":true,"href":"http:\/\/elterritorialweb.com.ar\/web\/wp-json\/wp\/v2\/categories?post=49985"},{"taxonomy":"post_tag","embeddable":true,"href":"http:\/\/elterritorialweb.com.ar\/web\/wp-json\/wp\/v2\/tags?post=49985"}],"curies":[{"name":"wp","href":"https:\/\/api.w.org\/{rel}","templated":true}]}}