{"id":49991,"date":"2023-03-02T03:40:31","date_gmt":"2023-03-02T03:40:31","guid":{"rendered":"http:\/\/elterritorialweb.com.ar\/web\/?p=49991"},"modified":"2023-03-02T03:46:52","modified_gmt":"2023-03-02T03:46:52","slug":"la-seleccion-argentina-campeona-del-mundo-jugara-ante-curazao-en-estadio-madre-de-ciudades","status":"publish","type":"post","link":"http:\/\/elterritorialweb.com.ar\/web\/la-seleccion-argentina-campeona-del-mundo-jugara-ante-curazao-en-estadio-madre-de-ciudades\/","title":{"rendered":"LA SELECCI\u00d3N ARGENTINA CAMPEONA DEL MUNDO, JUGAR\u00c1 ANTE CURAZAO EN ESTADIO MADRE DE CIUDADES"},"content":{"rendered":"\n<p>El equipo de Lionel Scaloni, flamante campe\u00f3n mundial se presentar\u00e1 en nuestra provincia el pr\u00f3ximo martes 28 de marzo en el<strong>\u00a0Estadio \u00danico \u201cMadre de Ciudades\u201d.<\/strong><\/p>\n\n\n\n<p>El rival ser\u00e1\u00a0<strong>Curazao<\/strong>, una isla neerlandesa del\u00a0<strong>Caribe<\/strong>.<\/p>\n\n\n\n<p>Ser\u00e1 la segunda vez que el equipo de<strong>\u00a0Lionel Scaloni<\/strong>\u00a0se presente en tierras santiague\u00f1as, luego de la visita en mayo de 2021 oportunidad en la que enfrent\u00f3 a<strong>\u00a0Chile por las Eliminatorias Sudamericanas.<\/strong><\/p>\n\n\n\n<p>Por su parte el gobernador de la provincia Gerardo Zamora, en sus redes sociales, agradeci\u00f3 al presidente de la AFA Claudio \u00abchiqui\u00bb Tapia por anunciar la presencia de los campeones del mundo<\/p>\n\n\n\n<p><em>\u00abUna inmensa alegr\u00eda hoy, el recibir al Presidente de la AFA como visitante distinguido, y en nombre de los santiague\u00f1os, felicitarlo por el Campeonato del Mundo obtenido por nuestra Selecci\u00f3n Nacional!!!<br>Y much\u00edsimas gracias querido Claudio \u201cChiqui\u201d Tapia, por anunciar la presencia de los Campeones del Mundo, en el \u201cMadre de Ciudades\u201d para el pr\u00f3ximo 28 de Marzo\u00bb<\/em>, escribi\u00f3 el mandatario provincial<\/p>\n\n\n\n<iframe data-src=\"https:\/\/www.facebook.com\/plugins\/post.php?href=https%3A%2F%2Fwww.facebook.com%2FzamoraSDE%2Fposts%2Fpfbid0rgqVZxKVz8TtHWLYs2NrfPcxin95hkg9EcguZ5bZYCg4vRzACBVLfN57fyVCf654l&#038;show_text=true&#038;width=500\" width=\"500\" height=\"742\" style=\"border:none;overflow:hidden\" scrolling=\"no\" frameborder=\"0\" allowfullscreen=\"true\" allow=\"autoplay; clipboard-write; encrypted-media; picture-in-picture; web-share\" src=\"data:image\/svg+xml;base64,PHN2ZyB3aWR0aD0iMSIgaGVpZ2h0PSIxIiB4bWxucz0iaHR0cDovL3d3dy53My5vcmcvMjAwMC9zdmciPjwvc3ZnPg==\" class=\"lazyload\" data-load-mode=\"1\"><\/iframe>\n","protected":false},"excerpt":{"rendered":"<p>As\u00ed lo confirm\u00f3 el presidente de AFA, Claudio \u201cChiqui\u201d Tapia quien se encuentra de visita en nuestra provincia donde presenci\u00f3 la final de la Supercopa Argentina entre Boca y Patronato.<\/p>\n","protected":false},"author":2,"featured_media":49993,"comment_status":"open","ping_status":"open","sticky":false,"template":"","format":"standard","meta":{"om_disable_all_campaigns":false,"_monsterinsights_skip_tracking":false,"_monsterinsights_sitenote_active":false,"_monsterinsights_sitenote_note":"","_monsterinsights_sitenote_category":0,"_uf_show_specific_survey":0,"_uf_disable_surveys":false,"jetpack_post_was_ever_published":false,"_jetpack_newsletter_access":"","_jetpack_dont_email_post_to_subs":false,"_jetpack_newsletter_tier_id":0,"_jetpack_memberships_contains_paywalled_content":false,"_jetpack_memberships_contains_paid_content":false,"footnotes":"","jetpack_publicize_message":"","jetpack_publicize_feature_enabled":true,"jetpack_social_post_already_shared":true,"jetpack_social_options":{"image_generator_settings":{"template":"highway","default_image_id":0,"font":"","enabled":false},"version":2}},"categories":[6,4],"tags":[],"class_list":["post-49991","post","type-post","status-publish","format-standard","has-post-thumbnail","hentry","category-deportes","category-destacadas"],"aioseo_notices":[],"views":14,"jetpack_publicize_connections":[],"jetpack_featured_media_url":"https:\/\/i0.wp.com\/elterritorialweb.com.ar\/web\/wp-content\/uploads\/2023\/03\/image.png?fit=730%2C487","jetpack_sharing_enabled":true,"_links":{"self":[{"href":"http:\/\/elterritorialweb.com.ar\/web\/wp-json\/wp\/v2\/posts\/49991","targetHints":{"allow":["GET"]}}],"collection":[{"href":"http:\/\/elterritorialweb.com.ar\/web\/wp-json\/wp\/v2\/posts"}],"about":[{"href":"http:\/\/elterritorialweb.com.ar\/web\/wp-json\/wp\/v2\/types\/post"}],"author":[{"embeddable":true,"href":"http:\/\/elterritorialweb.com.ar\/web\/wp-json\/wp\/v2\/users\/2"}],"replies":[{"embeddable":true,"href":"http:\/\/elterritorialweb.com.ar\/web\/wp-json\/wp\/v2\/comments?post=49991"}],"version-history":[{"count":2,"href":"http:\/\/elterritorialweb.com.ar\/web\/wp-json\/wp\/v2\/posts\/49991\/revisions"}],"predecessor-version":[{"id":49996,"href":"http:\/\/elterritorialweb.com.ar\/web\/wp-json\/wp\/v2\/posts\/49991\/revisions\/49996"}],"wp:featuredmedia":[{"embeddable":true,"href":"http:\/\/elterritorialweb.com.ar\/web\/wp-json\/wp\/v2\/media\/49993"}],"wp:attachment":[{"href":"http:\/\/elterritorialweb.com.ar\/web\/wp-json\/wp\/v2\/media?parent=49991"}],"wp:term":[{"taxonomy":"category","embeddable":true,"href":"http:\/\/elterritorialweb.com.ar\/web\/wp-json\/wp\/v2\/categories?post=49991"},{"taxonomy":"post_tag","embeddable":true,"href":"http:\/\/elterritorialweb.com.ar\/web\/wp-json\/wp\/v2\/tags?post=49991"}],"curies":[{"name":"wp","href":"https:\/\/api.w.org\/{rel}","templated":true}]}}