{"id":49997,"date":"2023-03-02T12:45:51","date_gmt":"2023-03-02T12:45:51","guid":{"rendered":"http:\/\/elterritorialweb.com.ar\/web\/?p=49997"},"modified":"2023-03-02T12:45:53","modified_gmt":"2023-03-02T12:45:53","slug":"fuentes-resalto-el-compromiso-de-educar-con-los-valores-de-la-democracia","status":"publish","type":"post","link":"http:\/\/elterritorialweb.com.ar\/web\/fuentes-resalto-el-compromiso-de-educar-con-los-valores-de-la-democracia\/","title":{"rendered":"FUENTES RESALTO EL COMPROMISO DE EDUCAR CON LOS VALORES DE LA DEMOCRACIA"},"content":{"rendered":"\n<p>Ante un auditorio compuesto por funcionarios, abanderados de los 26 Jardines de la comuna, familiares e invitados, la Ing. Fuentes hizo hincapi\u00e9 en los lineamientos para este a\u00f1o con el compromiso de mantener un servicio educativo de calidad. Durante el presente ciclo, el lema ser\u00e1 \u201cEducaci\u00f3n, Infancias y sus Derechos en Democracia\u201d.<\/p>\n\n\n\n<p>Al cumplirse los 40 a\u00f1os de la vuelta del derecho a poder elegir a las autoridades mediante el voto, la jefa comunal record\u00f3 frase del ex presidente Ra\u00fal Alfons\u00edn: \u201cCon democracia se come, se cura y se educa\u00bb.<\/p>\n\n\n\n<figure class=\"wp-block-image size-large\"><a href=\"https:\/\/i0.wp.com\/elterritorialweb.com.ar\/web\/wp-content\/uploads\/2023\/03\/WhatsApp-Image-2023-03-02-at-13.39.15-1.jpeg\"><img data-recalc-dims=\"1\" decoding=\"async\" width=\"640\" height=\"480\" data-src=\"https:\/\/i0.wp.com\/elterritorialweb.com.ar\/web\/wp-content\/uploads\/2023\/03\/WhatsApp-Image-2023-03-02-at-13.39.15-1.jpeg?resize=640%2C480\" alt=\"\" class=\"wp-image-49999 lazyload\" data-srcset=\"https:\/\/i0.wp.com\/elterritorialweb.com.ar\/web\/wp-content\/uploads\/2023\/03\/WhatsApp-Image-2023-03-02-at-13.39.15-1.jpeg?resize=1024%2C768 1024w, https:\/\/i0.wp.com\/elterritorialweb.com.ar\/web\/wp-content\/uploads\/2023\/03\/WhatsApp-Image-2023-03-02-at-13.39.15-1.jpeg?resize=300%2C225 300w, https:\/\/i0.wp.com\/elterritorialweb.com.ar\/web\/wp-content\/uploads\/2023\/03\/WhatsApp-Image-2023-03-02-at-13.39.15-1.jpeg?resize=768%2C576 768w, https:\/\/i0.wp.com\/elterritorialweb.com.ar\/web\/wp-content\/uploads\/2023\/03\/WhatsApp-Image-2023-03-02-at-13.39.15-1.jpeg?resize=1536%2C1152 1536w, https:\/\/i0.wp.com\/elterritorialweb.com.ar\/web\/wp-content\/uploads\/2023\/03\/WhatsApp-Image-2023-03-02-at-13.39.15-1.jpeg?w=1600 1600w, https:\/\/i0.wp.com\/elterritorialweb.com.ar\/web\/wp-content\/uploads\/2023\/03\/WhatsApp-Image-2023-03-02-at-13.39.15-1.jpeg?w=1280 1280w\" data-sizes=\"(max-width: 640px) 100vw, 640px\" src=\"data:image\/svg+xml;base64,PHN2ZyB3aWR0aD0iMSIgaGVpZ2h0PSIxIiB4bWxucz0iaHR0cDovL3d3dy53My5vcmcvMjAwMC9zdmciPjwvc3ZnPg==\" style=\"--smush-placeholder-width: 640px; --smush-placeholder-aspect-ratio: 640\/480;\" \/><\/a><\/figure>\n\n\n\n<p>Dijo tambi\u00e9n que \u201cno es posible otra forma de educar que no sea en libertad con inclusi\u00f3n y poniendo en alto las banderas del federalismo, con innovaci\u00f3n y al comp\u00e1s de los avances tecnol\u00f3gicos \u201c. La intendente&nbsp; reafirm\u00f3 tambi\u00e9n que dando continuidad a los lineamientos trazados por el gobernador, Gerardo Zamora, el municipio debe garantizar la igualdad de oportunidades en materia educativa.<\/p>\n\n\n\n<p>Asimismo, confirm\u00f3 que en el presente a\u00f1o, el servicio educativo municipal recibi\u00f3 la matr\u00edcula de 4.039 alumnos en los tres ciclos educativos y a 135 en proceso de inclusi\u00f3n. En ese sentido, la Ing. Fuentes propuso hablar del concepto de \u201calumnos con soporte de docente de apoyo\u00bb, sin \u201cdistinci\u00f3n alguna, ni de capacidades, procedencias o pertenencias a determinados estratos\u201d.<\/p>\n\n\n\n<p>Dijo adem\u00e1s que la educaci\u00f3n municipal tiene como objetivo brindar las herramientas que les permitan a las nuevas&nbsp; generaciones de ni\u00f1os y ni\u00f1as nativos digitales, afrontar el desaf\u00edo del nuevo milenio.<\/p>\n\n\n\n<figure class=\"wp-block-image size-large\"><a href=\"https:\/\/i0.wp.com\/elterritorialweb.com.ar\/web\/wp-content\/uploads\/2023\/03\/WhatsApp-Image-2023-03-02-at-13.39.16.jpeg\"><img data-recalc-dims=\"1\" decoding=\"async\" width=\"640\" height=\"480\" data-src=\"https:\/\/i0.wp.com\/elterritorialweb.com.ar\/web\/wp-content\/uploads\/2023\/03\/WhatsApp-Image-2023-03-02-at-13.39.16.jpeg?resize=640%2C480\" alt=\"\" class=\"wp-image-50002 lazyload\" data-srcset=\"https:\/\/i0.wp.com\/elterritorialweb.com.ar\/web\/wp-content\/uploads\/2023\/03\/WhatsApp-Image-2023-03-02-at-13.39.16.jpeg?resize=1024%2C768 1024w, https:\/\/i0.wp.com\/elterritorialweb.com.ar\/web\/wp-content\/uploads\/2023\/03\/WhatsApp-Image-2023-03-02-at-13.39.16.jpeg?resize=300%2C225 300w, https:\/\/i0.wp.com\/elterritorialweb.com.ar\/web\/wp-content\/uploads\/2023\/03\/WhatsApp-Image-2023-03-02-at-13.39.16.jpeg?resize=768%2C576 768w, https:\/\/i0.wp.com\/elterritorialweb.com.ar\/web\/wp-content\/uploads\/2023\/03\/WhatsApp-Image-2023-03-02-at-13.39.16.jpeg?resize=1536%2C1152 1536w, https:\/\/i0.wp.com\/elterritorialweb.com.ar\/web\/wp-content\/uploads\/2023\/03\/WhatsApp-Image-2023-03-02-at-13.39.16.jpeg?w=1600 1600w, https:\/\/i0.wp.com\/elterritorialweb.com.ar\/web\/wp-content\/uploads\/2023\/03\/WhatsApp-Image-2023-03-02-at-13.39.16.jpeg?w=1280 1280w\" data-sizes=\"(max-width: 640px) 100vw, 640px\" src=\"data:image\/svg+xml;base64,PHN2ZyB3aWR0aD0iMSIgaGVpZ2h0PSIxIiB4bWxucz0iaHR0cDovL3d3dy53My5vcmcvMjAwMC9zdmciPjwvc3ZnPg==\" style=\"--smush-placeholder-width: 640px; --smush-placeholder-aspect-ratio: 640\/480;\" \/><\/a><\/figure>\n\n\n\n<p>En ese sentido, sostuvo que durante este 2023 se dar\u00e1 continuidad a las actividades de rob\u00f3tica y programaci\u00f3n y que para ello se proveer\u00e1 a los jardines de televisores, tablets y robots de suelo recargables, similares a los entregados el a\u00f1o pasado. Aprovech\u00f3 para invitar a los establecimientos a continuar participando de las ferias de ciencia, del libro y de exposiciones como Smart City que resultan enriquecedoras y motivadoras para los m\u00e1s peque\u00f1os.<\/p>\n\n\n\n<p>En el compromiso,&nbsp; de seguir ejecutando programas educativos, de salud y medio ambiente,&nbsp; la intendente ratific\u00f3 que continuar\u00e1n: Sonrisas Santiague\u00f1as, Compost en mi jard\u00edn, Educaci\u00f3n Vial&nbsp; y Huertas Familiares.&nbsp; Adem\u00e1s seguir\u00e1 desarroll\u00e1ndose el programa Vianda Saludable a trav\u00e9s de la entrega de kits alimentarios de alto valor nutricional.<\/p>\n","protected":false},"excerpt":{"rendered":"<p>La intendente de la Capital, Ing. Norma Fuentes, abri\u00f3 oficialmente el ciclo lectivo de los jardines de infantes municipales durante un acto realizado en el \u00d3valo del Parque Sur en donde remarc\u00f3 el valor de la democracia en la educaci\u00f3n ya que permite reafirmar la igualdad de oportunidades y los mismos derechos para todos.<\/p>\n","protected":false},"author":2,"featured_media":49998,"comment_status":"open","ping_status":"open","sticky":false,"template":"","format":"standard","meta":{"om_disable_all_campaigns":false,"_monsterinsights_skip_tracking":false,"_monsterinsights_sitenote_active":false,"_monsterinsights_sitenote_note":"","_monsterinsights_sitenote_category":0,"_uf_show_specific_survey":0,"_uf_disable_surveys":false,"jetpack_post_was_ever_published":false,"_jetpack_newsletter_access":"","_jetpack_dont_email_post_to_subs":false,"_jetpack_newsletter_tier_id":0,"_jetpack_memberships_contains_paywalled_content":false,"_jetpack_memberships_contains_paid_content":false,"footnotes":"","jetpack_publicize_message":"","jetpack_publicize_feature_enabled":true,"jetpack_social_post_already_shared":true,"jetpack_social_options":{"image_generator_settings":{"template":"highway","default_image_id":0,"font":"","enabled":false},"version":2}},"categories":[21],"tags":[],"class_list":["post-49997","post","type-post","status-publish","format-standard","has-post-thumbnail","hentry","category-locales"],"aioseo_notices":[],"views":44,"jetpack_publicize_connections":[],"jetpack_featured_media_url":"https:\/\/i0.wp.com\/elterritorialweb.com.ar\/web\/wp-content\/uploads\/2023\/03\/acto-clases-fuentes.jpeg?fit=1500%2C1000","jetpack_sharing_enabled":true,"_links":{"self":[{"href":"http:\/\/elterritorialweb.com.ar\/web\/wp-json\/wp\/v2\/posts\/49997","targetHints":{"allow":["GET"]}}],"collection":[{"href":"http:\/\/elterritorialweb.com.ar\/web\/wp-json\/wp\/v2\/posts"}],"about":[{"href":"http:\/\/elterritorialweb.com.ar\/web\/wp-json\/wp\/v2\/types\/post"}],"author":[{"embeddable":true,"href":"http:\/\/elterritorialweb.com.ar\/web\/wp-json\/wp\/v2\/users\/2"}],"replies":[{"embeddable":true,"href":"http:\/\/elterritorialweb.com.ar\/web\/wp-json\/wp\/v2\/comments?post=49997"}],"version-history":[{"count":1,"href":"http:\/\/elterritorialweb.com.ar\/web\/wp-json\/wp\/v2\/posts\/49997\/revisions"}],"predecessor-version":[{"id":50004,"href":"http:\/\/elterritorialweb.com.ar\/web\/wp-json\/wp\/v2\/posts\/49997\/revisions\/50004"}],"wp:featuredmedia":[{"embeddable":true,"href":"http:\/\/elterritorialweb.com.ar\/web\/wp-json\/wp\/v2\/media\/49998"}],"wp:attachment":[{"href":"http:\/\/elterritorialweb.com.ar\/web\/wp-json\/wp\/v2\/media?parent=49997"}],"wp:term":[{"taxonomy":"category","embeddable":true,"href":"http:\/\/elterritorialweb.com.ar\/web\/wp-json\/wp\/v2\/categories?post=49997"},{"taxonomy":"post_tag","embeddable":true,"href":"http:\/\/elterritorialweb.com.ar\/web\/wp-json\/wp\/v2\/tags?post=49997"}],"curies":[{"name":"wp","href":"https:\/\/api.w.org\/{rel}","templated":true}]}}