{"id":50005,"date":"2023-03-02T12:52:18","date_gmt":"2023-03-02T12:52:18","guid":{"rendered":"http:\/\/elterritorialweb.com.ar\/web\/?p=50005"},"modified":"2023-03-02T12:52:21","modified_gmt":"2023-03-02T12:52:21","slug":"nediani-participo-de-una-reunion-con-autoridades-del-ministerio-de-salud-provincial","status":"publish","type":"post","link":"http:\/\/elterritorialweb.com.ar\/web\/nediani-participo-de-una-reunion-con-autoridades-del-ministerio-de-salud-provincial\/","title":{"rendered":"NEDIANI PARTICIP\u00d3 DE UNA REUNION CON AUTORIDADES DEL MINISTERIO DE SALUD PROVINCIAL"},"content":{"rendered":"\n<p>Dicha reuni\u00f3n, fue encabezada por La ministra de Salud de la provincia, Natividad Nassif, junto al subsecretario de Salud, Dr. C\u00e9sar Monti, la cual tambi\u00e9n cont\u00f3 con la presencia del secretario de Salud de la Municipalidad de La Banda, Dr. C\u00e9sar Scabuzzo; el secretario de Coordinaci\u00f3n y Desarrollo Territorial, Mat\u00edas Nediani; el secretario de Servicios P\u00fablicos del municipio bande\u00f1o, Cristian Mendoza y la secretaria de Comunicaci\u00f3n de La Banda, Fernanda Raschi; el director de Salud, Dr. Antonio Palomo; el director del Centro de Salud Integral de la ciudad de Termas, Dr. Luis Mart\u00edn.<br>Adem\u00e1s, tambi\u00e9n particip\u00f3 la Directora de APS, Dra. Martha Tarchini; el director de Salud Comunitaria, Lic. Gonzalo Ter\u00e1n; la directora de Salud del Interior Dra. Graciela Alzogaray; el director de Atenci\u00f3n M\u00e9dica, Dr. Oscar Gallardo; la directora de Enfermedades Transmisible por Vectores, Sandra Seu; la referente de la Secretar\u00eda T\u00e9cnica de Epidemiolog\u00eda, Dra. Florencia Coronel; el Dr. Oscar Ledesma Pati\u00f1o, asesor en Enfermedades Transmisibles por Vectores; el Dr. Marcelo Ovejero, jefe de Laboratorio en Centro de An\u00e1lisis Moleculares y Metab\u00f3licos (CEAMM).<br>Durante el encuentro se puso \u00e9nfasis en que la principal prevenci\u00f3n radica en evitar el contacto con esta especie de mosquito y proteger el cuerpo y la piel de sus picaduras. No se debe perder de eje que lo m\u00e1s importante es evitar la acumulaci\u00f3n de mosquitos. La fumigaci\u00f3n est\u00e1 indicada solo en situaci\u00f3n de brote y sirve para eliminar mosquitos adultos que est\u00e1n transmitiendo la enfermedad, pero no es suficiente para controlar la misma si no se controlan sus criaderos.<br>Por su parte, Nediani dijo: \u00abQuiero agradecer a la ministra Nasiff y al subsecretario Monti, como tambi\u00e9n a todas las autoridades que estuvieron presentes en esta reuni\u00f3n, en la cual estuvimos dialogando sobre esta problem\u00e1tica que contin\u00faa afectando a la poblaci\u00f3n, y en este sentido, la idea fue renovar los convenios que ten\u00edamos y aunar esfuerzos y criterios para prevenir esta enfermedad, para la que desde la comuna bande\u00f1a venimos trabajando en materia de prevenci\u00f3n con diferentes campa\u00f1as y tambi\u00e9n tareas de desmalezamiento, descacharreo y fumigaci\u00f3n en diferentes sectores de la ciudad, todos los d\u00edas de la semana\u00bb.<\/p>\n","protected":false},"excerpt":{"rendered":"<p>El intendente de la ciudad de La Banda, Roger Nediani particip\u00f3 de una importante reuni\u00f3n con autoridades del Ministerio de Salud de la Provincia, con el objetivo de coordinar acciones de prevenci\u00f3n de enfermedades trasmitidas por el mosquito Aedes Aegypti.<\/p>\n","protected":false},"author":2,"featured_media":50006,"comment_status":"open","ping_status":"open","sticky":false,"template":"","format":"standard","meta":{"om_disable_all_campaigns":false,"_monsterinsights_skip_tracking":false,"_monsterinsights_sitenote_active":false,"_monsterinsights_sitenote_note":"","_monsterinsights_sitenote_category":0,"_uf_show_specific_survey":0,"_uf_disable_surveys":false,"jetpack_post_was_ever_published":false,"_jetpack_newsletter_access":"","_jetpack_dont_email_post_to_subs":false,"_jetpack_newsletter_tier_id":0,"_jetpack_memberships_contains_paywalled_content":false,"_jetpack_memberships_contains_paid_content":false,"footnotes":"","jetpack_publicize_message":"","jetpack_publicize_feature_enabled":true,"jetpack_social_post_already_shared":true,"jetpack_social_options":{"image_generator_settings":{"template":"highway","default_image_id":0,"font":"","enabled":false},"version":2}},"categories":[9],"tags":[],"class_list":["post-50005","post","type-post","status-publish","format-standard","has-post-thumbnail","hentry","category-banda"],"aioseo_notices":[],"views":13,"jetpack_publicize_connections":[],"jetpack_featured_media_url":"https:\/\/i0.wp.com\/elterritorialweb.com.ar\/web\/wp-content\/uploads\/2023\/03\/WhatsApp-Image-2023-03-01-at-18.40.28.jpeg?fit=1280%2C845","jetpack_sharing_enabled":true,"_links":{"self":[{"href":"http:\/\/elterritorialweb.com.ar\/web\/wp-json\/wp\/v2\/posts\/50005","targetHints":{"allow":["GET"]}}],"collection":[{"href":"http:\/\/elterritorialweb.com.ar\/web\/wp-json\/wp\/v2\/posts"}],"about":[{"href":"http:\/\/elterritorialweb.com.ar\/web\/wp-json\/wp\/v2\/types\/post"}],"author":[{"embeddable":true,"href":"http:\/\/elterritorialweb.com.ar\/web\/wp-json\/wp\/v2\/users\/2"}],"replies":[{"embeddable":true,"href":"http:\/\/elterritorialweb.com.ar\/web\/wp-json\/wp\/v2\/comments?post=50005"}],"version-history":[{"count":1,"href":"http:\/\/elterritorialweb.com.ar\/web\/wp-json\/wp\/v2\/posts\/50005\/revisions"}],"predecessor-version":[{"id":50007,"href":"http:\/\/elterritorialweb.com.ar\/web\/wp-json\/wp\/v2\/posts\/50005\/revisions\/50007"}],"wp:featuredmedia":[{"embeddable":true,"href":"http:\/\/elterritorialweb.com.ar\/web\/wp-json\/wp\/v2\/media\/50006"}],"wp:attachment":[{"href":"http:\/\/elterritorialweb.com.ar\/web\/wp-json\/wp\/v2\/media?parent=50005"}],"wp:term":[{"taxonomy":"category","embeddable":true,"href":"http:\/\/elterritorialweb.com.ar\/web\/wp-json\/wp\/v2\/categories?post=50005"},{"taxonomy":"post_tag","embeddable":true,"href":"http:\/\/elterritorialweb.com.ar\/web\/wp-json\/wp\/v2\/tags?post=50005"}],"curies":[{"name":"wp","href":"https:\/\/api.w.org\/{rel}","templated":true}]}}