{"id":50008,"date":"2023-03-02T12:58:29","date_gmt":"2023-03-02T12:58:29","guid":{"rendered":"http:\/\/elterritorialweb.com.ar\/web\/?p=50008"},"modified":"2023-03-02T12:58:32","modified_gmt":"2023-03-02T12:58:32","slug":"el-renzi-renueva-peliculas-y-amplia-promociones-de-entradas-para-el-publico","status":"publish","type":"post","link":"http:\/\/elterritorialweb.com.ar\/web\/el-renzi-renueva-peliculas-y-amplia-promociones-de-entradas-para-el-publico\/","title":{"rendered":"EL RENZI RENUEVA PEL\u00cdCULAS Y AMPL\u00cdA PROMOCIONES DE ENTRADAS PARA EL P\u00daBLICO"},"content":{"rendered":"\n<p>Desde la entidad dependiente de la Secretaria de Comunicaci\u00f3n informaron que la idea es continuar proyectando filmes de primer nivel y generar nuevos beneficios para que el p\u00fablico pueda acceder a verlos.<br>De este modo, desde el pr\u00f3ximo jueves hasta el mi\u00e9rcoles 8 de marzo se proyectar\u00e1n las siguientes pel\u00edculas: Momias a las 16:30, castellano 2D; La Ballena a las 21:30, castellano 2D; Espacio INCAA, El Lado Salvaje a las 19:50, castellano 2D y Creed III a las 18 y 23:15, castellano 2D.<br>El precio de las entradas 2D los d\u00edas lunes y martes ser\u00e1 de $600 y dos por $1100; 3D $700 y dos por $1200. Los mi\u00e9rcoles y viernes las entradas 2D y 3D tendr\u00e1n un valor de $500 todo el d\u00eda.<br>Y los jueves, s\u00e1bados y domingos, las entradas 2D estar\u00e1n $700 y dos por $1200; 3D $800 y dos por $1400.<br>La promoci\u00f3n dos por uno para empleados municipales ser\u00e1 los d\u00edas jueves, viernes, s\u00e1bados y domingos, deber\u00e1n presentar recibo de sueldo y documento de identidad o constancia emitida desde la Oficina de Sueldos.<br>Mientras que los estudiantes universitarios, terciarios y jubilados podr\u00e1n adquirir los d\u00edas s\u00e1bados, domingos y todas las trasnoches, dos entradas al precio de una, presentando libreta o carnet.<br>\u201cMomias\u201d: En una ciudad de momias, por mandato imperial, la Princesa Nefer debe casarse con Thut, un ex auriga de carros. Ninguno desea el matrimonio; Nefer porque ans\u00eda la libertad, y Thut porque es al\u00e9rgico al matrimonio. Pero los designios de los dioses son irrevocables: Thut deber\u00e1 desposar a Nefer y custodiar el anillo real que el Fara\u00f3n le ha otorgado; si algo le ocurriera a este, Thut perder\u00eda los ojos y la lengua. Mientras tanto, en nuestro mundo, Lord Carnaby lleva a cabo una excavaci\u00f3n arqueol\u00f3gica y encuentra algo \u00fanico: \u00a1un anillo de boda real egipcia! Thut debe ir al mundo de los humanos para recuperarlo. Le acompa\u00f1a Sekhem, su hermano de 12 a\u00f1os, con su mascota cocodrilo, y Nefer. Juntos vivir\u00e1n una gran aventura en la moderna Londres y descubrir\u00e1n algo que no entraba en sus planes: enamorarse.<br>\u201cLa Ballena\u201d es una pel\u00edcula de drama psicol\u00f3gico estadounidense dirigida por Darren Aronofsky y escrita por Samuel D. Hunter, basada en su obra del mismo nombre. La pel\u00edcula est\u00e1 protagonizada por Brendan Fraser, Sadie Sink, Hong Chau, Samantha Morton y Ty Simpkins.<br>El filme se estren\u00f3 mundialmente en el 79\u00ba Festival Internacional de Cine de Venecia en septiembre de 2022, recibiendo una ovaci\u00f3n de pie que dur\u00f3 varios minutos, incluido un aplauso de m\u00e1s de seis minutos contados para Fraser que adem\u00e1s est\u00e1 nominado a los Premios Oscar en la categor\u00eda de Mejor Actor.<br>\u201cEl Lado Salvaje\u201d es una pel\u00edcula dram\u00e1tica dirigida por Juan Dickinson y guionada por Enrique Cort\u00e9s, Juan Dickinson, Fernando Musa y Mariana Planella.<br>Esta cinta es todo lo que el cin\u00e9filo busca de una filmograf\u00eda argentina, locaciones fant\u00e1sticas, llena de misterios, giros cambiantes y actuaciones que dejen una vara alt\u00edsima.<br>Adem\u00e1s, entrega un mensaje claro, no importa el riesgo cuando corre peligro la familia. Una pel\u00edcula sobresaliente que mantiene la atenci\u00f3n, llevadera, fresca y con el sello caracter\u00edstico de Dickinson.<br>\u00abCreed III\u00bb es una pel\u00edcula de drama deportivo de origen estadounidense dirigida por Michael B. Jordan, en su debut como director, a partir de un guion de Keenan Coogler y Zach Baylin.<br>Es la secuela de Creed II (2018) y la novena entrega de la franquicia de Rocky, la pel\u00edcula est\u00e1 protagonizada por Jordan, Tessa Thompson, Phylicia Rashad y Jonathan Majors. Esta es la primera pel\u00edcula de la franquicia sin Sylvester Stallone como Rocky Balboa, aunque todav\u00eda se desempe\u00f1a como productor de su marca Balboa Productions.<\/p>\n\n\n\n<figure class=\"wp-block-image size-large\"><a href=\"https:\/\/i0.wp.com\/elterritorialweb.com.ar\/web\/wp-content\/uploads\/2023\/03\/WhatsApp-Image-2023-03-01-at-18.40.31.jpeg\"><img data-recalc-dims=\"1\" decoding=\"async\" width=\"640\" height=\"640\" data-src=\"https:\/\/i0.wp.com\/elterritorialweb.com.ar\/web\/wp-content\/uploads\/2023\/03\/WhatsApp-Image-2023-03-01-at-18.40.31.jpeg?resize=640%2C640\" alt=\"\" class=\"wp-image-50009 lazyload\" data-srcset=\"https:\/\/i0.wp.com\/elterritorialweb.com.ar\/web\/wp-content\/uploads\/2023\/03\/WhatsApp-Image-2023-03-01-at-18.40.31.jpeg?resize=1024%2C1024 1024w, https:\/\/i0.wp.com\/elterritorialweb.com.ar\/web\/wp-content\/uploads\/2023\/03\/WhatsApp-Image-2023-03-01-at-18.40.31.jpeg?resize=300%2C300 300w, https:\/\/i0.wp.com\/elterritorialweb.com.ar\/web\/wp-content\/uploads\/2023\/03\/WhatsApp-Image-2023-03-01-at-18.40.31.jpeg?resize=150%2C150 150w, https:\/\/i0.wp.com\/elterritorialweb.com.ar\/web\/wp-content\/uploads\/2023\/03\/WhatsApp-Image-2023-03-01-at-18.40.31.jpeg?resize=768%2C768 768w, https:\/\/i0.wp.com\/elterritorialweb.com.ar\/web\/wp-content\/uploads\/2023\/03\/WhatsApp-Image-2023-03-01-at-18.40.31.jpeg?w=1200 1200w\" data-sizes=\"(max-width: 640px) 100vw, 640px\" src=\"data:image\/svg+xml;base64,PHN2ZyB3aWR0aD0iMSIgaGVpZ2h0PSIxIiB4bWxucz0iaHR0cDovL3d3dy53My5vcmcvMjAwMC9zdmciPjwvc3ZnPg==\" style=\"--smush-placeholder-width: 640px; --smush-placeholder-aspect-ratio: 640\/640;\" \/><\/a><\/figure>\n","protected":false},"excerpt":{"rendered":"<p>El Cine Teatro Renzi renovar\u00e1 el pr\u00f3ximo jueves su cartelera con dos estrenos internacionales \u00abLa Ballena\u00bb y \u00abCreed III\u00bb; adem\u00e1s extender\u00e1 las promociones de tickets dos por uno para los empleados municipales de jueves a domingos.<\/p>\n","protected":false},"author":2,"featured_media":15175,"comment_status":"open","ping_status":"open","sticky":false,"template":"","format":"standard","meta":{"om_disable_all_campaigns":false,"_monsterinsights_skip_tracking":false,"_monsterinsights_sitenote_active":false,"_monsterinsights_sitenote_note":"","_monsterinsights_sitenote_category":0,"_uf_show_specific_survey":0,"_uf_disable_surveys":false,"jetpack_post_was_ever_published":false,"_jetpack_newsletter_access":"","_jetpack_dont_email_post_to_subs":false,"_jetpack_newsletter_tier_id":0,"_jetpack_memberships_contains_paywalled_content":false,"_jetpack_memberships_contains_paid_content":false,"footnotes":"","jetpack_publicize_message":"","jetpack_publicize_feature_enabled":true,"jetpack_social_post_already_shared":true,"jetpack_social_options":{"image_generator_settings":{"template":"highway","default_image_id":0,"font":"","enabled":false},"version":2}},"categories":[9,20],"tags":[],"class_list":["post-50008","post","type-post","status-publish","format-standard","has-post-thumbnail","hentry","category-banda","category-especysociales"],"aioseo_notices":[],"views":20,"jetpack_publicize_connections":[],"jetpack_featured_media_url":"https:\/\/i0.wp.com\/elterritorialweb.com.ar\/web\/wp-content\/uploads\/2020\/12\/cine-renzi.jpeg?fit=715%2C446","jetpack_sharing_enabled":true,"_links":{"self":[{"href":"http:\/\/elterritorialweb.com.ar\/web\/wp-json\/wp\/v2\/posts\/50008","targetHints":{"allow":["GET"]}}],"collection":[{"href":"http:\/\/elterritorialweb.com.ar\/web\/wp-json\/wp\/v2\/posts"}],"about":[{"href":"http:\/\/elterritorialweb.com.ar\/web\/wp-json\/wp\/v2\/types\/post"}],"author":[{"embeddable":true,"href":"http:\/\/elterritorialweb.com.ar\/web\/wp-json\/wp\/v2\/users\/2"}],"replies":[{"embeddable":true,"href":"http:\/\/elterritorialweb.com.ar\/web\/wp-json\/wp\/v2\/comments?post=50008"}],"version-history":[{"count":1,"href":"http:\/\/elterritorialweb.com.ar\/web\/wp-json\/wp\/v2\/posts\/50008\/revisions"}],"predecessor-version":[{"id":50010,"href":"http:\/\/elterritorialweb.com.ar\/web\/wp-json\/wp\/v2\/posts\/50008\/revisions\/50010"}],"wp:featuredmedia":[{"embeddable":true,"href":"http:\/\/elterritorialweb.com.ar\/web\/wp-json\/wp\/v2\/media\/15175"}],"wp:attachment":[{"href":"http:\/\/elterritorialweb.com.ar\/web\/wp-json\/wp\/v2\/media?parent=50008"}],"wp:term":[{"taxonomy":"category","embeddable":true,"href":"http:\/\/elterritorialweb.com.ar\/web\/wp-json\/wp\/v2\/categories?post=50008"},{"taxonomy":"post_tag","embeddable":true,"href":"http:\/\/elterritorialweb.com.ar\/web\/wp-json\/wp\/v2\/tags?post=50008"}],"curies":[{"name":"wp","href":"https:\/\/api.w.org\/{rel}","templated":true}]}}