{"id":50011,"date":"2023-03-02T13:27:43","date_gmt":"2023-03-02T13:27:43","guid":{"rendered":"http:\/\/elterritorialweb.com.ar\/web\/?p=50011"},"modified":"2023-03-02T13:27:46","modified_gmt":"2023-03-02T13:27:46","slug":"balearon-un-supermercado-de-la-familia-de-de-antonela-roccuzzo-y-dejaron-un-mensaje-amenazante-a-messi","status":"publish","type":"post","link":"http:\/\/elterritorialweb.com.ar\/web\/balearon-un-supermercado-de-la-familia-de-de-antonela-roccuzzo-y-dejaron-un-mensaje-amenazante-a-messi\/","title":{"rendered":"BALEARON UN SUPERMERCADO DE LA FAMILIA DE DE ANTONELA ROCCUZZO Y DEJARON UN MENSAJE AMENAZANTE A MESSI"},"content":{"rendered":"\n<p>La violencia en Rosario parece no tener l\u00edmites: luego de los constantes ataques narcos que se registran en la ciudad, ahora\u00a0<strong>balearon un supermercado propiedad de la familia de Antonela Roccuzzo y le dejaron un mensaje amenazante a Lionel Messi<\/strong>.<\/p>\n\n\n\n<figure class=\"wp-block-image size-large\"><a href=\"https:\/\/i0.wp.com\/elterritorialweb.com.ar\/web\/wp-content\/uploads\/2023\/03\/image-1.png\"><img data-recalc-dims=\"1\" decoding=\"async\" width=\"640\" height=\"314\" data-src=\"https:\/\/i0.wp.com\/elterritorialweb.com.ar\/web\/wp-content\/uploads\/2023\/03\/image-1.png?resize=640%2C314\" alt=\"\" class=\"wp-image-50012 lazyload\" data-srcset=\"https:\/\/i0.wp.com\/elterritorialweb.com.ar\/web\/wp-content\/uploads\/2023\/03\/image-1.png?resize=1024%2C503 1024w, https:\/\/i0.wp.com\/elterritorialweb.com.ar\/web\/wp-content\/uploads\/2023\/03\/image-1.png?resize=300%2C147 300w, https:\/\/i0.wp.com\/elterritorialweb.com.ar\/web\/wp-content\/uploads\/2023\/03\/image-1.png?resize=768%2C377 768w, https:\/\/i0.wp.com\/elterritorialweb.com.ar\/web\/wp-content\/uploads\/2023\/03\/image-1.png?w=1280 1280w\" data-sizes=\"(max-width: 640px) 100vw, 640px\" src=\"data:image\/svg+xml;base64,PHN2ZyB3aWR0aD0iMSIgaGVpZ2h0PSIxIiB4bWxucz0iaHR0cDovL3d3dy53My5vcmcvMjAwMC9zdmciPjwvc3ZnPg==\" style=\"--smush-placeholder-width: 640px; --smush-placeholder-aspect-ratio: 640\/314;\" \/><\/a><\/figure>\n\n\n\n<p>El ataque se dio durante la madrugada de este jueves, en un local que queda en la zona oeste de la ciudad santafesina y que es manejado por un primo de Roccuzzo. Seg\u00fan las primeras investigaciones de la polic\u00eda,\u00a0<strong>se registraron 14 disparos que se habr\u00edan ejecutado por al menos dos personas desde una moto: la Agencia de Investigaci\u00f3n Criminal (AIC) encontr\u00f3 hasta el momento 14 vainas servidas.<\/strong><\/p>\n\n\n\n<p>Pero, adem\u00e1s, apareci\u00f3 un mensaje escrito contra Leo:&nbsp;<strong>\u00abMessi, te estamos esperando. Javkin<\/strong>&nbsp;(<em>NdeR: el intendente de Rosario<\/em>)&nbsp;<strong>es narco, no te va a cuidar\u00bb<\/strong>. No es la primera vez que acusan al pol\u00edtico del Frente Amplio Progresista recibe acusaciones de este estilo.<\/p>\n\n\n\n<figure class=\"wp-block-image size-full is-resized\"><a href=\"https:\/\/i0.wp.com\/elterritorialweb.com.ar\/web\/wp-content\/uploads\/2023\/03\/image-2.png\"><img data-recalc-dims=\"1\" decoding=\"async\" data-src=\"https:\/\/i0.wp.com\/elterritorialweb.com.ar\/web\/wp-content\/uploads\/2023\/03\/image-2.png?resize=640%2C426\" alt=\"\" class=\"wp-image-50013 lazyload\" width=\"640\" height=\"426\" src=\"data:image\/svg+xml;base64,PHN2ZyB3aWR0aD0iMSIgaGVpZ2h0PSIxIiB4bWxucz0iaHR0cDovL3d3dy53My5vcmcvMjAwMC9zdmciPjwvc3ZnPg==\" style=\"--smush-placeholder-width: 640px; --smush-placeholder-aspect-ratio: 640\/426;\" \/><\/a><\/figure>\n\n\n\n<p>La investigaci\u00f3n qued\u00f3 en manos de Federico R\u00e9bola, el fiscal de Balaceras de la ciudad.\u00a0Tanto el intendente como la familia de Antonela se apersonaron en el lugar.\u00a0\u00ab\u00bfD\u00f3nde est\u00e1n los que nos tienen que cuidar?\u00bb, expres\u00f3 Javkin, en di\u00e1logo con\u00a0<em>ElTres TV<\/em>, de Rosario.<\/p>\n\n\n\n<p><strong>\u00abEl 95 % de los hechos graves tienen su origen en las penitenciarias. Tenemos detenidos a gran parte de los jefes de las organizaciones con todas las posibilidades para comunicarse sin que nadie escuche lo que hablan\u00bb<\/strong>, cont\u00f3 Javkin hace unas semanas en comunicaci\u00f3n con\u00a0<strong>Argenzuela<\/strong>.<\/p>\n\n\n\n<p><strong>\u00abLos narcos operan desde las c\u00e1rceles y hemos perdido la posibilidad de hacer inteligencia sobre ellos\u00bb<\/strong>, agreg\u00f3 el intendente y sostuvo que eso es una problem\u00e1tica que se est\u00e1 extendiendo en todo el pa\u00eds.<\/p>\n","protected":false},"excerpt":{"rendered":"<p>El hecho sucedi\u00f3 durante la madrugada del jueves, en un local que queda ubicado en la zona oeste de Rosario. \u00abTe estamos esperando\u00bb, le escribieron al capit\u00e1n de la Selecci\u00f3n argentina.<\/p>\n","protected":false},"author":2,"featured_media":50012,"comment_status":"open","ping_status":"open","sticky":false,"template":"","format":"standard","meta":{"om_disable_all_campaigns":false,"_monsterinsights_skip_tracking":false,"_monsterinsights_sitenote_active":false,"_monsterinsights_sitenote_note":"","_monsterinsights_sitenote_category":0,"_uf_show_specific_survey":0,"_uf_disable_surveys":false,"jetpack_post_was_ever_published":false,"_jetpack_newsletter_access":"","_jetpack_dont_email_post_to_subs":false,"_jetpack_newsletter_tier_id":0,"_jetpack_memberships_contains_paywalled_content":false,"_jetpack_memberships_contains_paid_content":false,"footnotes":"","jetpack_publicize_message":"","jetpack_publicize_feature_enabled":true,"jetpack_social_post_already_shared":true,"jetpack_social_options":{"image_generator_settings":{"template":"highway","default_image_id":0,"font":"","enabled":false},"version":2}},"categories":[4,7,36],"tags":[],"class_list":["post-50011","post","type-post","status-publish","format-standard","has-post-thumbnail","hentry","category-destacadas","category-nacionales","category-policiales"],"aioseo_notices":[],"views":16,"jetpack_publicize_connections":[],"jetpack_featured_media_url":"https:\/\/i0.wp.com\/elterritorialweb.com.ar\/web\/wp-content\/uploads\/2023\/03\/image-1.png?fit=1280%2C629","jetpack_sharing_enabled":true,"_links":{"self":[{"href":"http:\/\/elterritorialweb.com.ar\/web\/wp-json\/wp\/v2\/posts\/50011","targetHints":{"allow":["GET"]}}],"collection":[{"href":"http:\/\/elterritorialweb.com.ar\/web\/wp-json\/wp\/v2\/posts"}],"about":[{"href":"http:\/\/elterritorialweb.com.ar\/web\/wp-json\/wp\/v2\/types\/post"}],"author":[{"embeddable":true,"href":"http:\/\/elterritorialweb.com.ar\/web\/wp-json\/wp\/v2\/users\/2"}],"replies":[{"embeddable":true,"href":"http:\/\/elterritorialweb.com.ar\/web\/wp-json\/wp\/v2\/comments?post=50011"}],"version-history":[{"count":1,"href":"http:\/\/elterritorialweb.com.ar\/web\/wp-json\/wp\/v2\/posts\/50011\/revisions"}],"predecessor-version":[{"id":50014,"href":"http:\/\/elterritorialweb.com.ar\/web\/wp-json\/wp\/v2\/posts\/50011\/revisions\/50014"}],"wp:featuredmedia":[{"embeddable":true,"href":"http:\/\/elterritorialweb.com.ar\/web\/wp-json\/wp\/v2\/media\/50012"}],"wp:attachment":[{"href":"http:\/\/elterritorialweb.com.ar\/web\/wp-json\/wp\/v2\/media?parent=50011"}],"wp:term":[{"taxonomy":"category","embeddable":true,"href":"http:\/\/elterritorialweb.com.ar\/web\/wp-json\/wp\/v2\/categories?post=50011"},{"taxonomy":"post_tag","embeddable":true,"href":"http:\/\/elterritorialweb.com.ar\/web\/wp-json\/wp\/v2\/tags?post=50011"}],"curies":[{"name":"wp","href":"https:\/\/api.w.org\/{rel}","templated":true}]}}