{"id":51153,"date":"2023-03-27T13:27:00","date_gmt":"2023-03-27T13:27:00","guid":{"rendered":"http:\/\/elterritorialweb.com.ar\/web\/?p=51153"},"modified":"2023-03-27T13:31:39","modified_gmt":"2023-03-27T13:31:39","slug":"presentan-cronograma-de-pago-de-sueldos-a-la-administracion-publica","status":"publish","type":"post","link":"http:\/\/elterritorialweb.com.ar\/web\/presentan-cronograma-de-pago-de-sueldos-a-la-administracion-publica\/","title":{"rendered":"PRESENTAN CRONOGRAMA DE PAGO DE SUELDOS A LA ADMINISTRACI\u00d3N P\u00daBLICA"},"content":{"rendered":"\n<p>El <strong>Ministerio de Econom\u00eda de Santiago del Estero<\/strong> inform\u00f3 que el <strong>pago de sueldos<\/strong> correspondiente a marzo para todo el personal que presta servicios en la administraci\u00f3n p\u00fablica provincial se har\u00e1 efectivo este <strong>jueves 30 y mi\u00e9rcoles 31<\/strong>, <strong>a partir de las 8 hs<\/strong>, conforme al siguiente cronograma establecido seg\u00fan el \u00faltimo d\u00edgito del DNI.<br>El <strong>jueves 30<\/strong> estar\u00e1n disponibles los haberes de aquellas personas cuyos documentos de identidad finalizan en 0, 1, 2, 3, y 4.<br>Mientras que el <strong>viernes 31<\/strong> podr\u00e1n concurrir a los cajeros quienes tienen DNI finalizados en 5, 6, 7, 8 y 9.<\/p>\n","protected":false},"excerpt":{"rendered":"<p>As\u00ed lo informaron desde la cartera de econom\u00eda de la provincia.<\/p>\n","protected":false},"author":2,"featured_media":41565,"comment_status":"open","ping_status":"open","sticky":false,"template":"","format":"standard","meta":{"om_disable_all_campaigns":false,"_monsterinsights_skip_tracking":false,"_monsterinsights_sitenote_active":false,"_monsterinsights_sitenote_note":"","_monsterinsights_sitenote_category":0,"_uf_show_specific_survey":0,"_uf_disable_surveys":false,"jetpack_post_was_ever_published":false,"_jetpack_newsletter_access":"","_jetpack_dont_email_post_to_subs":false,"_jetpack_newsletter_tier_id":0,"_jetpack_memberships_contains_paywalled_content":false,"_jetpack_memberships_contains_paid_content":false,"footnotes":"","jetpack_publicize_message":"","jetpack_publicize_feature_enabled":true,"jetpack_social_post_already_shared":true,"jetpack_social_options":{"image_generator_settings":{"template":"highway","default_image_id":0,"font":"","enabled":false},"version":2}},"categories":[4,2],"tags":[],"class_list":["post-51153","post","type-post","status-publish","format-standard","has-post-thumbnail","hentry","category-destacadas","category-economia"],"aioseo_notices":[],"views":22,"jetpack_publicize_connections":[],"jetpack_featured_media_url":"https:\/\/i0.wp.com\/elterritorialweb.com.ar\/web\/wp-content\/uploads\/2022\/06\/pago-de-sueldos.jpg?fit=540%2C340","jetpack_sharing_enabled":true,"_links":{"self":[{"href":"http:\/\/elterritorialweb.com.ar\/web\/wp-json\/wp\/v2\/posts\/51153","targetHints":{"allow":["GET"]}}],"collection":[{"href":"http:\/\/elterritorialweb.com.ar\/web\/wp-json\/wp\/v2\/posts"}],"about":[{"href":"http:\/\/elterritorialweb.com.ar\/web\/wp-json\/wp\/v2\/types\/post"}],"author":[{"embeddable":true,"href":"http:\/\/elterritorialweb.com.ar\/web\/wp-json\/wp\/v2\/users\/2"}],"replies":[{"embeddable":true,"href":"http:\/\/elterritorialweb.com.ar\/web\/wp-json\/wp\/v2\/comments?post=51153"}],"version-history":[{"count":1,"href":"http:\/\/elterritorialweb.com.ar\/web\/wp-json\/wp\/v2\/posts\/51153\/revisions"}],"predecessor-version":[{"id":51154,"href":"http:\/\/elterritorialweb.com.ar\/web\/wp-json\/wp\/v2\/posts\/51153\/revisions\/51154"}],"wp:featuredmedia":[{"embeddable":true,"href":"http:\/\/elterritorialweb.com.ar\/web\/wp-json\/wp\/v2\/media\/41565"}],"wp:attachment":[{"href":"http:\/\/elterritorialweb.com.ar\/web\/wp-json\/wp\/v2\/media?parent=51153"}],"wp:term":[{"taxonomy":"category","embeddable":true,"href":"http:\/\/elterritorialweb.com.ar\/web\/wp-json\/wp\/v2\/categories?post=51153"},{"taxonomy":"post_tag","embeddable":true,"href":"http:\/\/elterritorialweb.com.ar\/web\/wp-json\/wp\/v2\/tags?post=51153"}],"curies":[{"name":"wp","href":"https:\/\/api.w.org\/{rel}","templated":true}]}}