{"id":51169,"date":"2023-03-27T23:48:12","date_gmt":"2023-03-27T23:48:12","guid":{"rendered":"http:\/\/elterritorialweb.com.ar\/web\/?p=51169"},"modified":"2023-03-27T23:48:15","modified_gmt":"2023-03-27T23:48:15","slug":"santiago-del-estero-participo-en-la-smart-city-expo-curitiba","status":"publish","type":"post","link":"http:\/\/elterritorialweb.com.ar\/web\/santiago-del-estero-participo-en-la-smart-city-expo-curitiba\/","title":{"rendered":"SANTIAGO DEL ESTERO PARTICIP\u00d3 EN LA SMART CITY EXPO CURITIBA"},"content":{"rendered":"\n<p>En representaci\u00f3n de la provincia estuvieron la intendenta de la ciudad Capital, Norma Fuentes, y el secretario de la Representaci\u00f3n Institucional en Buenos Aires, Bernardo Abruzzese.<br>En este marco, Santiago fue protagonista de este di\u00e1logo global sobre espacios p\u00fablicos, ciudadan\u00eda digital y gobernanza, innovaci\u00f3n y transformaci\u00f3n digital, tecnolog\u00eda disruptiva, movilidad, sostenibilidad y cambio clim\u00e1tico.<br>Entre panel y panel, y en el stand que la provincia tuvo en Curitiba se realiz\u00f3 la promoci\u00f3n del Smart City Expo del 14 de junio.<\/p>\n\n\n\n<figure class=\"wp-block-image size-full\"><a href=\"https:\/\/i0.wp.com\/elterritorialweb.com.ar\/web\/wp-content\/uploads\/2023\/03\/IMG-20230327-WA0042.jpg\"><img data-recalc-dims=\"1\" decoding=\"async\" width=\"640\" height=\"480\" data-src=\"https:\/\/i0.wp.com\/elterritorialweb.com.ar\/web\/wp-content\/uploads\/2023\/03\/IMG-20230327-WA0042.jpg?resize=640%2C480\" alt=\"\" class=\"wp-image-51171 lazyload\" data-srcset=\"https:\/\/i0.wp.com\/elterritorialweb.com.ar\/web\/wp-content\/uploads\/2023\/03\/IMG-20230327-WA0042.jpg?w=1024 1024w, https:\/\/i0.wp.com\/elterritorialweb.com.ar\/web\/wp-content\/uploads\/2023\/03\/IMG-20230327-WA0042.jpg?resize=300%2C225 300w, https:\/\/i0.wp.com\/elterritorialweb.com.ar\/web\/wp-content\/uploads\/2023\/03\/IMG-20230327-WA0042.jpg?resize=768%2C576 768w\" data-sizes=\"(max-width: 640px) 100vw, 640px\" src=\"data:image\/svg+xml;base64,PHN2ZyB3aWR0aD0iMSIgaGVpZ2h0PSIxIiB4bWxucz0iaHR0cDovL3d3dy53My5vcmcvMjAwMC9zdmciPjwvc3ZnPg==\" style=\"--smush-placeholder-width: 640px; --smush-placeholder-aspect-ratio: 640\/480;\" \/><\/a><\/figure>\n\n\n\n<p>Bajo el lema \u201cEconom\u00eda del conocimiento para la transformaci\u00f3n social\u201d se desarrollar\u00e1 este a\u00f1o la segunda edici\u00f3n de Smart City Expo Santiago del Estero, luego de una expo 2022 que invit\u00f3 a reflexionar y debatir sobre los objetivos de las ciudades inteligentes para vivir mejor de una manera sustentable.<br>En esta oportunidad, la consigna estar\u00e1 relacionada con los medios y recursos para lograr los objetivos planteados.<\/p>\n","protected":false},"excerpt":{"rendered":"<p>Santiago del Estero estuvo presente en la Smart City Expo Curitiba, Brasil, en lo que es la antesala del gran evento que se desarrollar\u00e1 desde el 14 de junio de este a\u00f1o en el Nodo Tecnol\u00f3gico ubicado en el Parque Industrial de La Banda.<\/p>\n","protected":false},"author":2,"featured_media":51170,"comment_status":"open","ping_status":"open","sticky":false,"template":"","format":"standard","meta":{"om_disable_all_campaigns":false,"_monsterinsights_skip_tracking":false,"_monsterinsights_sitenote_active":false,"_monsterinsights_sitenote_note":"","_monsterinsights_sitenote_category":0,"_uf_show_specific_survey":0,"_uf_disable_surveys":false,"jetpack_post_was_ever_published":false,"_jetpack_newsletter_access":"","_jetpack_dont_email_post_to_subs":false,"_jetpack_newsletter_tier_id":0,"_jetpack_memberships_contains_paywalled_content":false,"_jetpack_memberships_contains_paid_content":false,"footnotes":"","jetpack_publicize_message":"","jetpack_publicize_feature_enabled":true,"jetpack_social_post_already_shared":true,"jetpack_social_options":{"image_generator_settings":{"template":"highway","default_image_id":0,"font":"","enabled":false},"version":2}},"categories":[21],"tags":[],"class_list":["post-51169","post","type-post","status-publish","format-standard","has-post-thumbnail","hentry","category-locales"],"aioseo_notices":[],"views":8,"jetpack_publicize_connections":[],"jetpack_featured_media_url":"https:\/\/i0.wp.com\/elterritorialweb.com.ar\/web\/wp-content\/uploads\/2023\/03\/IMG-20230327-WA0041.jpg?fit=1024%2C768","jetpack_sharing_enabled":true,"_links":{"self":[{"href":"http:\/\/elterritorialweb.com.ar\/web\/wp-json\/wp\/v2\/posts\/51169","targetHints":{"allow":["GET"]}}],"collection":[{"href":"http:\/\/elterritorialweb.com.ar\/web\/wp-json\/wp\/v2\/posts"}],"about":[{"href":"http:\/\/elterritorialweb.com.ar\/web\/wp-json\/wp\/v2\/types\/post"}],"author":[{"embeddable":true,"href":"http:\/\/elterritorialweb.com.ar\/web\/wp-json\/wp\/v2\/users\/2"}],"replies":[{"embeddable":true,"href":"http:\/\/elterritorialweb.com.ar\/web\/wp-json\/wp\/v2\/comments?post=51169"}],"version-history":[{"count":1,"href":"http:\/\/elterritorialweb.com.ar\/web\/wp-json\/wp\/v2\/posts\/51169\/revisions"}],"predecessor-version":[{"id":51172,"href":"http:\/\/elterritorialweb.com.ar\/web\/wp-json\/wp\/v2\/posts\/51169\/revisions\/51172"}],"wp:featuredmedia":[{"embeddable":true,"href":"http:\/\/elterritorialweb.com.ar\/web\/wp-json\/wp\/v2\/media\/51170"}],"wp:attachment":[{"href":"http:\/\/elterritorialweb.com.ar\/web\/wp-json\/wp\/v2\/media?parent=51169"}],"wp:term":[{"taxonomy":"category","embeddable":true,"href":"http:\/\/elterritorialweb.com.ar\/web\/wp-json\/wp\/v2\/categories?post=51169"},{"taxonomy":"post_tag","embeddable":true,"href":"http:\/\/elterritorialweb.com.ar\/web\/wp-json\/wp\/v2\/tags?post=51169"}],"curies":[{"name":"wp","href":"https:\/\/api.w.org\/{rel}","templated":true}]}}