{"id":51173,"date":"2023-03-28T02:10:10","date_gmt":"2023-03-28T02:10:10","guid":{"rendered":"http:\/\/elterritorialweb.com.ar\/web\/?p=51173"},"modified":"2023-03-28T13:54:32","modified_gmt":"2023-03-28T13:54:32","slug":"la-conmebol-homenajeo-a-los-campeones-del-mundo","status":"publish","type":"post","link":"http:\/\/elterritorialweb.com.ar\/web\/la-conmebol-homenajeo-a-los-campeones-del-mundo\/","title":{"rendered":"LA CONMEBOL HOMENAJE\u00d3 A LOS CAMPEONES DEL MUNDO"},"content":{"rendered":"\n<p>En la previa del sorteo de las&nbsp;<strong>Copas Libertadores<\/strong>&nbsp;y&nbsp;<strong>Sudamericana<\/strong>, la entidad presidida por&nbsp;<strong>Alejandro Dom\u00ednguez<\/strong>, quien estuvo el jueves en el Monumental en oportunidad del amistoso entre la<strong>&nbsp;Selecci\u00f3n Argentina&nbsp;<\/strong>y la de Panam\u00e1, realiza un reconocimiento para el seleccionado nacional que conduce&nbsp;<strong>Lionel Scaloni<\/strong>, que cort\u00f3 una racha, al adjudicarse el certamen en Qatar, de cuatro ediciones de la&nbsp;<strong>Copa del Mundo<\/strong>&nbsp;conquistadas por europeos.<\/p>\n\n\n\n<p>El presidente de la&nbsp;<strong>Conmebol<\/strong>,&nbsp;<strong>Alejandro Dom\u00ednguez,<\/strong>&nbsp;agradeci\u00f3 a los presentes en la sede de la&nbsp;<strong>Conmebol&nbsp;<\/strong>que asisten al homenaje a los campeones del mundo. El m\u00e1ximo dirigente del f\u00fatbol sudamericano ley\u00f3 algunos tuits destacados de simpatizantes argentinos.<\/p>\n\n\n\n<p><em>\u201cGracias por su humildad y la selecci\u00f3n argentina es el camino que tenemos que seguir\u201d<\/em>, dijo el dirigente en referencia a los futbolistas de la Selecci\u00f3n.<\/p>\n\n\n\n<p>La&nbsp;<strong>Conmebol&nbsp;<\/strong>homenaje\u00f3 a&nbsp;<strong>Claudio Tapia<\/strong>, presidente de la AFA, con una menci\u00f3n especial como el mejor dirigente del f\u00fatbol sudamericano.&nbsp;<em>\u201cSe olvidaron de un detalle: premiar al mejor dirigente del mundo\u201d<\/em>, le expres\u00f3&nbsp;<strong>Alejandro Dom\u00ednguez<\/strong>&nbsp;al presidente de&nbsp;<strong>AFA<\/strong>, a quien le entreg\u00f3 la medalla correspondiente.<\/p>\n","protected":false},"excerpt":{"rendered":"<p>El ente que rige el f\u00fatbol sudamericano le brind\u00f3 un reconocimiento a los campeones del Mundo.<\/p>\n","protected":false},"author":2,"featured_media":51194,"comment_status":"open","ping_status":"open","sticky":false,"template":"","format":"standard","meta":{"om_disable_all_campaigns":false,"_monsterinsights_skip_tracking":false,"_monsterinsights_sitenote_active":false,"_monsterinsights_sitenote_note":"","_monsterinsights_sitenote_category":0,"_uf_show_specific_survey":0,"_uf_disable_surveys":false,"jetpack_post_was_ever_published":false,"_jetpack_newsletter_access":"","_jetpack_dont_email_post_to_subs":false,"_jetpack_newsletter_tier_id":0,"_jetpack_memberships_contains_paywalled_content":false,"_jetpack_memberships_contains_paid_content":false,"footnotes":"","jetpack_publicize_message":"","jetpack_publicize_feature_enabled":true,"jetpack_social_post_already_shared":true,"jetpack_social_options":{"image_generator_settings":{"template":"highway","default_image_id":0,"font":"","enabled":false},"version":2}},"categories":[6,4],"tags":[],"class_list":["post-51173","post","type-post","status-publish","format-standard","has-post-thumbnail","hentry","category-deportes","category-destacadas"],"aioseo_notices":[],"views":14,"jetpack_publicize_connections":[],"jetpack_featured_media_url":"https:\/\/i0.wp.com\/elterritorialweb.com.ar\/web\/wp-content\/uploads\/2023\/03\/RECONOCIMIENTO-CONMEBOL-A-SELECCION.jpg?fit=1024%2C628","jetpack_sharing_enabled":true,"_links":{"self":[{"href":"http:\/\/elterritorialweb.com.ar\/web\/wp-json\/wp\/v2\/posts\/51173","targetHints":{"allow":["GET"]}}],"collection":[{"href":"http:\/\/elterritorialweb.com.ar\/web\/wp-json\/wp\/v2\/posts"}],"about":[{"href":"http:\/\/elterritorialweb.com.ar\/web\/wp-json\/wp\/v2\/types\/post"}],"author":[{"embeddable":true,"href":"http:\/\/elterritorialweb.com.ar\/web\/wp-json\/wp\/v2\/users\/2"}],"replies":[{"embeddable":true,"href":"http:\/\/elterritorialweb.com.ar\/web\/wp-json\/wp\/v2\/comments?post=51173"}],"version-history":[{"count":1,"href":"http:\/\/elterritorialweb.com.ar\/web\/wp-json\/wp\/v2\/posts\/51173\/revisions"}],"predecessor-version":[{"id":51176,"href":"http:\/\/elterritorialweb.com.ar\/web\/wp-json\/wp\/v2\/posts\/51173\/revisions\/51176"}],"wp:featuredmedia":[{"embeddable":true,"href":"http:\/\/elterritorialweb.com.ar\/web\/wp-json\/wp\/v2\/media\/51194"}],"wp:attachment":[{"href":"http:\/\/elterritorialweb.com.ar\/web\/wp-json\/wp\/v2\/media?parent=51173"}],"wp:term":[{"taxonomy":"category","embeddable":true,"href":"http:\/\/elterritorialweb.com.ar\/web\/wp-json\/wp\/v2\/categories?post=51173"},{"taxonomy":"post_tag","embeddable":true,"href":"http:\/\/elterritorialweb.com.ar\/web\/wp-json\/wp\/v2\/tags?post=51173"}],"curies":[{"name":"wp","href":"https:\/\/api.w.org\/{rel}","templated":true}]}}