{"id":51469,"date":"2023-04-03T17:02:20","date_gmt":"2023-04-03T17:02:20","guid":{"rendered":"http:\/\/elterritorialweb.com.ar\/web\/?p=51469"},"modified":"2023-04-03T17:02:23","modified_gmt":"2023-04-03T17:02:23","slug":"el-motogp-dejo-un-impacto-economico-de-5-100-millones","status":"publish","type":"post","link":"http:\/\/elterritorialweb.com.ar\/web\/el-motogp-dejo-un-impacto-economico-de-5-100-millones\/","title":{"rendered":"EL MOTOGP DEJ\u00d3 UN IMPACTO ECON\u00d3MICO DE $ 5.100 MILLONES"},"content":{"rendered":"\n<p>Culmin\u00f3 el&nbsp;<strong>Gran Premio de la Rep\u00fablica Argentina del MotoGP 2023<\/strong>&nbsp;en el aut\u00f3dromo&nbsp;<strong>Termas de R\u00edo Hondo,<\/strong>&nbsp;con victoria para el Italiano&nbsp;<strong>Marco Bezzecchi&nbsp;<\/strong>y nuevamente el evento se consolid\u00f3 como un gran generador de turismo y econom\u00eda para el norte de Argentina. El evento fue presenciado por el&nbsp;<strong>Ministro de Turismo y Deportes de la Naci\u00f3n, Mat\u00edas Lammens, el Ministro del Interior, Wado de Pedro, el Gobernador de la Provincia de Santiago del Estero, Gerardo Zamora y el Secretario Ejecutivo del INPROTUR, Ricardo Sosa.<\/strong>&nbsp;Las autoridades se mostraron contentas por el \u00e9xito de la carrera y la organizaci\u00f3n y por el balance que dio la carrera en el aspecto tur\u00edstico.<\/p>\n\n\n\n<p>Seg\u00fan<strong>&nbsp;inform\u00f3 Dorna<\/strong>, el organizador del evento,&nbsp;<strong>hubo un total de 186.083 espectadores durante los tres d\u00edas de actividades,<\/strong>&nbsp;de los cuales&nbsp;<strong>72.118 fueron el domingo<\/strong>, 62.662 el s\u00e1bado y 51.256 el viernes. Adem\u00e1s, 1750 personas participaron del after party (fan zone) durante el segundo d\u00eda, en el que se destacaba una mayor\u00eda de j\u00f3venes de Tucum\u00e1n y Santiago del Estero, un p\u00fablico nuevo para el MotoGP.<\/p>\n\n\n\n<p>Entre los espectadores, el 67% fueron argentinos, mientras que el 33% corresponden a turistas internacionales, principalmente brasileros, los cuales llegaron casi al 20%.<\/p>\n\n\n\n<p><strong>Seg\u00fan pudo analizar el INPROTUR<\/strong>,&nbsp;<strong>el impacto econ\u00f3mico por turismo durante el fin de semana fue superior a los 5.100 millones de pesos argentinos entre hoteler\u00eda, gastronom\u00eda y ocio<\/strong>&nbsp;y con un impacto superior a las&nbsp;<strong>30 mil plazas hoteleras<\/strong>. Las ciudades m\u00e1s beneficiadas fueron Termas de R\u00edo Hondo, San Miguel de Tucum\u00e1n, Santiago del Estero y localidades cercanas. Adem\u00e1s,&nbsp;<strong>el promedio de estad\u00eda fue de 3,2 noches.<\/strong><\/p>\n\n\n\n<p><strong>El Secretario Ejecutivo del INPROTUR, Ricardo Sosa<\/strong>&nbsp;expres\u00f3: \u00ab<em>Aproximadamente 11 provincias salen beneficiadas por la actividad, por las noches de itinerancia de los turistas y otros que aprovechan para recorrer m\u00e1s destinos. Adem\u00e1s de Santiago del Estero se benefician provincias del Norte, Litoral y Cuyo, con aquellos turistas que viajan en motos. Por otro lado, en el aspecto tur\u00edstico, alojamientos, restaurantes, locales y otros prestadores directos e indirectos son impactados por el evento<\/em>\u00ab.<\/p>\n\n\n\n<p>\u201c<em>Como valor agregado destaca que m\u00e1s de\u00a0<strong>2900 trabajadores y trabajadoras<\/strong>\u00a0participaron en la organizaci\u00f3n, y en esta edici\u00f3n hubo un incremento importante del personal proveniente de Santiago del Estero, lo que tambi\u00e9n es un beneficio para la provincia, sobre todo experiencia en la participaci\u00f3n log\u00edstica de un evento mundial, el factor del conocimiento es fundamental para seguir profesionalizando al trabajador santiague\u00f1o<\/em>\u00ab, continu\u00f3\u00a0<strong>Sosa.<\/strong><\/p>\n\n\n\n<figure class=\"wp-block-image size-large\"><a href=\"https:\/\/i0.wp.com\/elterritorialweb.com.ar\/web\/wp-content\/uploads\/2023\/04\/unnamed.jpg\"><img data-recalc-dims=\"1\" decoding=\"async\" width=\"640\" height=\"426\" data-src=\"https:\/\/i0.wp.com\/elterritorialweb.com.ar\/web\/wp-content\/uploads\/2023\/04\/unnamed.jpg?resize=640%2C426\" alt=\"\" class=\"wp-image-51471 lazyload\" data-srcset=\"https:\/\/i0.wp.com\/elterritorialweb.com.ar\/web\/wp-content\/uploads\/2023\/04\/unnamed.jpg?resize=1024%2C682 1024w, https:\/\/i0.wp.com\/elterritorialweb.com.ar\/web\/wp-content\/uploads\/2023\/04\/unnamed.jpg?resize=300%2C200 300w, https:\/\/i0.wp.com\/elterritorialweb.com.ar\/web\/wp-content\/uploads\/2023\/04\/unnamed.jpg?resize=768%2C512 768w, https:\/\/i0.wp.com\/elterritorialweb.com.ar\/web\/wp-content\/uploads\/2023\/04\/unnamed.jpg?resize=1536%2C1023 1536w, https:\/\/i0.wp.com\/elterritorialweb.com.ar\/web\/wp-content\/uploads\/2023\/04\/unnamed.jpg?w=1600 1600w, https:\/\/i0.wp.com\/elterritorialweb.com.ar\/web\/wp-content\/uploads\/2023\/04\/unnamed.jpg?w=1280 1280w\" data-sizes=\"(max-width: 640px) 100vw, 640px\" src=\"data:image\/svg+xml;base64,PHN2ZyB3aWR0aD0iMSIgaGVpZ2h0PSIxIiB4bWxucz0iaHR0cDovL3d3dy53My5vcmcvMjAwMC9zdmciPjwvc3ZnPg==\" style=\"--smush-placeholder-width: 640px; --smush-placeholder-aspect-ratio: 640\/426;\" \/><\/a><\/figure>\n\n\n\n<p><strong>Mat\u00edas Lammens<\/strong>&nbsp;hizo referencias a la organizaci\u00f3n y al aspecto deportivo: \u201c<em>Sali\u00f3 todo muy bien y tuvimos una carrera espectacular, muy peleada entre los primeros puestos y el evento realmente es impactante<\/em>\u201d.<\/p>\n\n\n\n<p>Por su parte,\u00a0<strong>Zamora<\/strong>\u00a0declar\u00f3: \u201c<em>Venimos de muchos eventos internacionales y actividades deportivas en Santiago del Estero y nos da mucha satisfacci\u00f3n porque comienzan a convertir a la provincia en un destino tur\u00edstico y deportivo. Pero el balance econ\u00f3mico es muy positivo<\/em>\u201d.<\/p>\n\n\n\n<p><strong>Ricardo Sosa<\/strong>&nbsp;agreg\u00f3: \u201c<em>El MotoGP genera que sea un gran impacto no solo a Santiago del Estero, si no, de manera global.&nbsp;<strong>A trav\u00e9s de la transmisi\u00f3n oficial, se llega a 400 millones de personas.&nbsp;<\/strong>Y en cuanto a turismo receptivo, por ejemplo, en&nbsp;<strong>el \u00faltimo dia, de los 70 mil asistentes, hubo m\u00e1s de 15.000 turistas solamente desde Brasil<\/strong><\/em><strong>\u201d.<\/strong><\/p>\n\n\n\n<p>Tambi\u00e9n adelant\u00f3 que al existir una semana sin actividades entre la fecha de Termas de R\u00edo Hondo&nbsp;y Austin (la siguiente), muchos de los integrantes de los equipos y organizaci\u00f3n quedar\u00e1n en Argentina recorriendo diferentes destinos del pa\u00eds, lo que suma tambi\u00e9n al impacto econ\u00f3mico y tur\u00edstico.<\/p>\n\n\n\n<p>Adem\u00e1s, el Secretario Ejecutivo del INPROTUR habl\u00f3 sobre la importancia de tener esta clase de eventos deportivos en la Argentina: \u201c<em>En abril tendremos el TCR Sudamericano, tambi\u00e9n vamos a tener la Copa Porche y varias competencias nacionales y trabajamos para tener m\u00e1s a\u00fan por estos beneficios que deja para el turismo para Argentina<\/em>\u00ab.<\/p>\n\n\n\n<p>El domingo se llev\u00f3 a cabo la competencia de la m\u00e1xima categor\u00eda en la que el italiano&nbsp;<strong>Marco Bezzecchi con Ducati del equipo VR46<\/strong>&nbsp;pudo hacerse de la victoria por la segunda fecha del campeonato de MotoGP 2023 y&nbsp;<strong>ahora lidera el campeonato<\/strong>.<\/p>\n\n\n\n<p>Fue la octava edici\u00f3n de la carrera de MotoGP en el aut\u00f3dromo de Termas de R\u00edo Hondo, el cual desde 2014 hasta el presente solo fue interrumpida en su calendario en 2020 y 2021 a causa del Covid-19.<\/p>\n\n\n\n<p>La carrera atrae a miles de fan\u00e1ticos que recorren por cielo y tierra el pa\u00eds y llegan desde distintas partes de Sudam\u00e9rica. En el \u00e1mbito tur\u00edstico, Brasil fue el principal emisor de turistas hacia la Argentina en 2022 con casi 800.000 turistas durante todo el a\u00f1o y durante los primeros dos meses del a\u00f1o, hubo una recuperaci\u00f3n del turismo receptivo proveniente de Brasil en comparaci\u00f3n con la prepandemia de m\u00e1s del 75%, los n\u00fameros m\u00e1s altos desde la apertura de fronteras.<\/p>\n\n\n\n<p>El a\u00f1o pasado Argentina firm\u00f3 un acuerdo para que el pa\u00eds sea parte del calendario del MotoGP hasta 2025.<\/p>\n","protected":false},"excerpt":{"rendered":"<p>Finaliz\u00f3 una nueva edici\u00f3n de la m\u00e1xima carrera del motociclismo mundial en Termas de R\u00edo Hondo con importantes n\u00fameros para el sector tur\u00edstico: Once provincias fueron impactadas por el evento que llega a 400 millones de personas en todo el mundo por la televisaci\u00f3n. Se incrementa la cantidad de asistentes extranjeros y Brasil consolida su liderazgo como emisor de turistas.<\/p>\n","protected":false},"author":2,"featured_media":51470,"comment_status":"open","ping_status":"open","sticky":false,"template":"","format":"standard","meta":{"om_disable_all_campaigns":false,"_monsterinsights_skip_tracking":false,"_monsterinsights_sitenote_active":false,"_monsterinsights_sitenote_note":"","_monsterinsights_sitenote_category":0,"_uf_show_specific_survey":0,"_uf_disable_surveys":false,"jetpack_post_was_ever_published":false,"_jetpack_newsletter_access":"","_jetpack_dont_email_post_to_subs":false,"_jetpack_newsletter_tier_id":0,"_jetpack_memberships_contains_paywalled_content":false,"_jetpack_memberships_contains_paid_content":false,"footnotes":"","jetpack_publicize_message":"","jetpack_publicize_feature_enabled":true,"jetpack_social_post_already_shared":true,"jetpack_social_options":{"image_generator_settings":{"template":"highway","default_image_id":0,"font":"","enabled":false},"version":2}},"categories":[6,29],"tags":[],"class_list":["post-51469","post","type-post","status-publish","format-standard","has-post-thumbnail","hentry","category-deportes","category-turismo"],"aioseo_notices":[],"views":9,"jetpack_publicize_connections":[],"jetpack_featured_media_url":"https:\/\/i0.wp.com\/elterritorialweb.com.ar\/web\/wp-content\/uploads\/2023\/04\/unnamed-1.jpg?fit=1599%2C1600","jetpack_sharing_enabled":true,"_links":{"self":[{"href":"http:\/\/elterritorialweb.com.ar\/web\/wp-json\/wp\/v2\/posts\/51469","targetHints":{"allow":["GET"]}}],"collection":[{"href":"http:\/\/elterritorialweb.com.ar\/web\/wp-json\/wp\/v2\/posts"}],"about":[{"href":"http:\/\/elterritorialweb.com.ar\/web\/wp-json\/wp\/v2\/types\/post"}],"author":[{"embeddable":true,"href":"http:\/\/elterritorialweb.com.ar\/web\/wp-json\/wp\/v2\/users\/2"}],"replies":[{"embeddable":true,"href":"http:\/\/elterritorialweb.com.ar\/web\/wp-json\/wp\/v2\/comments?post=51469"}],"version-history":[{"count":1,"href":"http:\/\/elterritorialweb.com.ar\/web\/wp-json\/wp\/v2\/posts\/51469\/revisions"}],"predecessor-version":[{"id":51472,"href":"http:\/\/elterritorialweb.com.ar\/web\/wp-json\/wp\/v2\/posts\/51469\/revisions\/51472"}],"wp:featuredmedia":[{"embeddable":true,"href":"http:\/\/elterritorialweb.com.ar\/web\/wp-json\/wp\/v2\/media\/51470"}],"wp:attachment":[{"href":"http:\/\/elterritorialweb.com.ar\/web\/wp-json\/wp\/v2\/media?parent=51469"}],"wp:term":[{"taxonomy":"category","embeddable":true,"href":"http:\/\/elterritorialweb.com.ar\/web\/wp-json\/wp\/v2\/categories?post=51469"},{"taxonomy":"post_tag","embeddable":true,"href":"http:\/\/elterritorialweb.com.ar\/web\/wp-json\/wp\/v2\/tags?post=51469"}],"curies":[{"name":"wp","href":"https:\/\/api.w.org\/{rel}","templated":true}]}}