{"id":51473,"date":"2023-04-03T17:31:41","date_gmt":"2023-04-03T17:31:41","guid":{"rendered":"http:\/\/elterritorialweb.com.ar\/web\/?p=51473"},"modified":"2023-04-03T17:31:44","modified_gmt":"2023-04-03T17:31:44","slug":"en-un-intento-de-asalto-mataron-a-un-chofer-de-la-linea-620-en-la-matanza","status":"publish","type":"post","link":"http:\/\/elterritorialweb.com.ar\/web\/en-un-intento-de-asalto-mataron-a-un-chofer-de-la-linea-620-en-la-matanza\/","title":{"rendered":"EN UN INTENTO DE ASALTO, MATARON A UN CHOFER DE LA LINEA 620 EN LA MATANZA"},"content":{"rendered":"\n<p><strong>Un chofer de la l\u00ednea 620 fue asesinado este lunes en La Matanza durante un intento de robo<\/strong>, luego de que los delincuentes se tirotearan con un polic\u00eda que iba a bordo de la unidad. Ante lo sucedido,<strong>\u00a0los conductores de las l\u00edneas que circulan por zona oeste realizar\u00e1n un paro en reclamo de mayor seguridad<\/strong>.<\/p>\n\n\n\n<p>El hecho ocurri\u00f3 durante la madrugada en el barrio Vernazza, de la localidad bonaerense de Virrey del Pino, a la altura del kil\u00f3metro 41 de la ruta 3.\u00a0<strong>Los ladrones, que eran al menos tres, abordaron la unidad caracterizados como pasajeros<\/strong>. Cuando mostraron sus intenciones de robo,\u00a0<strong>un efectivo que iba a bordo les dio la voz de alto y comenz\u00f3 un tiroteo<\/strong>.<\/p>\n\n\n\n<p><strong>Al menos uno de los disparos impact\u00f3 en el pecho de Daniel Barrientos, el chofer de 65 a\u00f1os<\/strong>, a quien le faltaba un mes para jubilarse. El hombre muri\u00f3 en el acto.<\/p>\n\n\n\n<p>Tras lo ocurrido,&nbsp;<strong>desde la Uni\u00f3n Tranviarios Automotor (UTA) anunciaron un paro por tiempo indeterminado a partir de las 7.30 del lunes&nbsp;<\/strong>que afectar\u00e1 a las l\u00edneas de zona oeste.<\/p>\n","protected":false},"excerpt":{"rendered":"<p>Tres ladrones subieron a la unidad en la madrugada para robarle a los pasajeros. Un polic\u00eda que iba a bordo les dio la voz de alto, se inici\u00f3 un tiroteo y un disparo alcanz\u00f3 al conductor.<\/p>\n","protected":false},"author":2,"featured_media":51474,"comment_status":"open","ping_status":"open","sticky":false,"template":"","format":"standard","meta":{"om_disable_all_campaigns":false,"_monsterinsights_skip_tracking":false,"_monsterinsights_sitenote_active":false,"_monsterinsights_sitenote_note":"","_monsterinsights_sitenote_category":0,"_uf_show_specific_survey":0,"_uf_disable_surveys":false,"jetpack_post_was_ever_published":false,"_jetpack_newsletter_access":"","_jetpack_dont_email_post_to_subs":false,"_jetpack_newsletter_tier_id":0,"_jetpack_memberships_contains_paywalled_content":false,"_jetpack_memberships_contains_paid_content":false,"footnotes":"","jetpack_publicize_message":"","jetpack_publicize_feature_enabled":true,"jetpack_social_post_already_shared":true,"jetpack_social_options":{"image_generator_settings":{"template":"highway","default_image_id":0,"font":"","enabled":false},"version":2}},"categories":[7],"tags":[],"class_list":["post-51473","post","type-post","status-publish","format-standard","has-post-thumbnail","hentry","category-nacionales"],"aioseo_notices":[],"views":9,"jetpack_publicize_connections":[],"jetpack_featured_media_url":"https:\/\/i0.wp.com\/elterritorialweb.com.ar\/web\/wp-content\/uploads\/2023\/04\/image-2.png?fit=1000%2C619","jetpack_sharing_enabled":true,"_links":{"self":[{"href":"http:\/\/elterritorialweb.com.ar\/web\/wp-json\/wp\/v2\/posts\/51473","targetHints":{"allow":["GET"]}}],"collection":[{"href":"http:\/\/elterritorialweb.com.ar\/web\/wp-json\/wp\/v2\/posts"}],"about":[{"href":"http:\/\/elterritorialweb.com.ar\/web\/wp-json\/wp\/v2\/types\/post"}],"author":[{"embeddable":true,"href":"http:\/\/elterritorialweb.com.ar\/web\/wp-json\/wp\/v2\/users\/2"}],"replies":[{"embeddable":true,"href":"http:\/\/elterritorialweb.com.ar\/web\/wp-json\/wp\/v2\/comments?post=51473"}],"version-history":[{"count":1,"href":"http:\/\/elterritorialweb.com.ar\/web\/wp-json\/wp\/v2\/posts\/51473\/revisions"}],"predecessor-version":[{"id":51475,"href":"http:\/\/elterritorialweb.com.ar\/web\/wp-json\/wp\/v2\/posts\/51473\/revisions\/51475"}],"wp:featuredmedia":[{"embeddable":true,"href":"http:\/\/elterritorialweb.com.ar\/web\/wp-json\/wp\/v2\/media\/51474"}],"wp:attachment":[{"href":"http:\/\/elterritorialweb.com.ar\/web\/wp-json\/wp\/v2\/media?parent=51473"}],"wp:term":[{"taxonomy":"category","embeddable":true,"href":"http:\/\/elterritorialweb.com.ar\/web\/wp-json\/wp\/v2\/categories?post=51473"},{"taxonomy":"post_tag","embeddable":true,"href":"http:\/\/elterritorialweb.com.ar\/web\/wp-json\/wp\/v2\/tags?post=51473"}],"curies":[{"name":"wp","href":"https:\/\/api.w.org\/{rel}","templated":true}]}}