{"id":51629,"date":"2023-04-08T15:02:31","date_gmt":"2023-04-08T15:02:31","guid":{"rendered":"http:\/\/elterritorialweb.com.ar\/web\/?p=51629"},"modified":"2023-04-08T15:02:34","modified_gmt":"2023-04-08T15:02:34","slug":"la-municipalidad-sigue-con-el-ciclo-de-recitales-gratuitos-en-el-parque-del-encuentro","status":"publish","type":"post","link":"http:\/\/elterritorialweb.com.ar\/web\/la-municipalidad-sigue-con-el-ciclo-de-recitales-gratuitos-en-el-parque-del-encuentro\/","title":{"rendered":"LA MUNICIPALIDAD SIGUE CON EL CICLO DE RECITALES GRATUITOS EN EL PARQUE DEL ENCUENTRO"},"content":{"rendered":"\n<p>En la continuidad del Ciclo de Conciertos libres y gratuitos en el Parque del Encuentro, organizados por la Municipalidad de la Capital, este s\u00e1bado se presentar\u00e1 a partir de las 20 horas el D\u00fao Carabajal-C\u00e1ceres y la Orquesta Sachera, con un repertorio de m\u00fasica tradicional folcl\u00f3rica santiague\u00f1a.<\/p>\n\n\n\n<p>En tanto, la propuesta del domingo de Pascuas estar\u00e1 a cargo del grupo de folclore Tanta con los invitados especiales del Ballet Latinoamericano, tambi\u00e9n desde las 20 horas.<\/p>\n\n\n\n<p>Cabe mencionar, que en este ciclo ya se presentaron el grupo de jazz Escalandr\u00fam, un concierto de Vidales y blues con m\u00fasicos y artistas locales y la Ensamble Santiago L\u00edrica con su Concierto de Dolores.<\/p>\n","protected":false},"excerpt":{"rendered":"<p>Este s\u00e1bado a partir de las 20 hs se presentar\u00e1n el D\u00fao Carabajal-C\u00e1ceres y la Orquesta Sachera, con un repertorio de m\u00fasica tradicional folcl\u00f3rica santiague\u00f1a.<\/p>\n","protected":false},"author":2,"featured_media":51630,"comment_status":"open","ping_status":"open","sticky":false,"template":"","format":"standard","meta":{"om_disable_all_campaigns":false,"_monsterinsights_skip_tracking":false,"_monsterinsights_sitenote_active":false,"_monsterinsights_sitenote_note":"","_monsterinsights_sitenote_category":0,"_uf_show_specific_survey":0,"_uf_disable_surveys":false,"jetpack_post_was_ever_published":false,"_jetpack_newsletter_access":"","_jetpack_dont_email_post_to_subs":false,"_jetpack_newsletter_tier_id":0,"_jetpack_memberships_contains_paywalled_content":false,"_jetpack_memberships_contains_paid_content":false,"footnotes":"","jetpack_publicize_message":"","jetpack_publicize_feature_enabled":true,"jetpack_social_post_already_shared":true,"jetpack_social_options":{"image_generator_settings":{"template":"highway","default_image_id":0,"font":"","enabled":false},"version":2}},"categories":[21],"tags":[],"class_list":["post-51629","post","type-post","status-publish","format-standard","has-post-thumbnail","hentry","category-locales"],"aioseo_notices":[],"views":9,"jetpack_publicize_connections":[],"jetpack_featured_media_url":"https:\/\/i0.wp.com\/elterritorialweb.com.ar\/web\/wp-content\/uploads\/2023\/04\/ciclo-encuentro-musica.jpeg?fit=1280%2C853","jetpack_sharing_enabled":true,"_links":{"self":[{"href":"http:\/\/elterritorialweb.com.ar\/web\/wp-json\/wp\/v2\/posts\/51629","targetHints":{"allow":["GET"]}}],"collection":[{"href":"http:\/\/elterritorialweb.com.ar\/web\/wp-json\/wp\/v2\/posts"}],"about":[{"href":"http:\/\/elterritorialweb.com.ar\/web\/wp-json\/wp\/v2\/types\/post"}],"author":[{"embeddable":true,"href":"http:\/\/elterritorialweb.com.ar\/web\/wp-json\/wp\/v2\/users\/2"}],"replies":[{"embeddable":true,"href":"http:\/\/elterritorialweb.com.ar\/web\/wp-json\/wp\/v2\/comments?post=51629"}],"version-history":[{"count":1,"href":"http:\/\/elterritorialweb.com.ar\/web\/wp-json\/wp\/v2\/posts\/51629\/revisions"}],"predecessor-version":[{"id":51631,"href":"http:\/\/elterritorialweb.com.ar\/web\/wp-json\/wp\/v2\/posts\/51629\/revisions\/51631"}],"wp:featuredmedia":[{"embeddable":true,"href":"http:\/\/elterritorialweb.com.ar\/web\/wp-json\/wp\/v2\/media\/51630"}],"wp:attachment":[{"href":"http:\/\/elterritorialweb.com.ar\/web\/wp-json\/wp\/v2\/media?parent=51629"}],"wp:term":[{"taxonomy":"category","embeddable":true,"href":"http:\/\/elterritorialweb.com.ar\/web\/wp-json\/wp\/v2\/categories?post=51629"},{"taxonomy":"post_tag","embeddable":true,"href":"http:\/\/elterritorialweb.com.ar\/web\/wp-json\/wp\/v2\/tags?post=51629"}],"curies":[{"name":"wp","href":"https:\/\/api.w.org\/{rel}","templated":true}]}}