{"id":51634,"date":"2023-04-08T21:25:41","date_gmt":"2023-04-08T21:25:41","guid":{"rendered":"http:\/\/elterritorialweb.com.ar\/web\/?p=51634"},"modified":"2023-04-08T21:25:45","modified_gmt":"2023-04-08T21:25:45","slug":"el-camm-san-fernando-brindara-servicios-de-pap-y-test-de-hpv","status":"publish","type":"post","link":"http:\/\/elterritorialweb.com.ar\/web\/el-camm-san-fernando-brindara-servicios-de-pap-y-test-de-hpv\/","title":{"rendered":"EL CAMM SAN FERNANDO BRINDAR\u00c1 SERVICIOS DE PAP Y TEST DE HPV"},"content":{"rendered":"\n<p>En este sentido, los controles mencionados estar\u00e1n a cargo de la Lic. Andrea D\u00edaz Prados, quien realizar\u00e1 PAP (procedimiento ginecol\u00f3gico simple, breve y efectivo para detectar a tiempo lesiones en el cuello del \u00fatero) a mujeres mayores de 25 a 29 a\u00f1os y Test de HPV a mujeres mayores de 30 a 65 a\u00f1os los d\u00edas mi\u00e9rcoles por la ma\u00f1ana.<br>Quienes requieran de estos servicios, deben concurrir al CAMM N\u00b02 del barrio San Fernando, ubicado sobre calle 3, a metros de la Comisar\u00eda 47, los d\u00edas lunes y mi\u00e9rcoles, a partir de las 7:00 am., donde el personal otorgar\u00e1 el turno correspondiente y la informaci\u00f3n necesaria con los requisitos y as\u00ed, poder realizar la toma de la muestra.<\/p>\n","protected":false},"excerpt":{"rendered":"<p>La Secretar\u00eda de Salud de la Municipalidad de la ciudad de La Banda, informa que el Centro de Atenci\u00f3n M\u00e9dica Municipal N\u00b02 del barrio San Fernando brindar\u00e1 servicios de PAP y Testo de HPV.<\/p>\n","protected":false},"author":2,"featured_media":51635,"comment_status":"open","ping_status":"open","sticky":false,"template":"","format":"standard","meta":{"om_disable_all_campaigns":false,"_monsterinsights_skip_tracking":false,"_monsterinsights_sitenote_active":false,"_monsterinsights_sitenote_note":"","_monsterinsights_sitenote_category":0,"_uf_show_specific_survey":0,"_uf_disable_surveys":false,"jetpack_post_was_ever_published":false,"_jetpack_newsletter_access":"","_jetpack_dont_email_post_to_subs":false,"_jetpack_newsletter_tier_id":0,"_jetpack_memberships_contains_paywalled_content":false,"_jetpack_memberships_contains_paid_content":false,"footnotes":"","jetpack_publicize_message":"","jetpack_publicize_feature_enabled":true,"jetpack_social_post_already_shared":true,"jetpack_social_options":{"image_generator_settings":{"template":"highway","default_image_id":0,"font":"","enabled":false},"version":2}},"categories":[9,3],"tags":[],"class_list":["post-51634","post","type-post","status-publish","format-standard","has-post-thumbnail","hentry","category-banda","category-salud"],"aioseo_notices":[],"views":11,"jetpack_publicize_connections":[],"jetpack_featured_media_url":"https:\/\/i0.wp.com\/elterritorialweb.com.ar\/web\/wp-content\/uploads\/2023\/04\/WhatsApp-Image-2023-04-08-at-12.26.31.jpeg?fit=1600%2C1066","jetpack_sharing_enabled":true,"_links":{"self":[{"href":"http:\/\/elterritorialweb.com.ar\/web\/wp-json\/wp\/v2\/posts\/51634","targetHints":{"allow":["GET"]}}],"collection":[{"href":"http:\/\/elterritorialweb.com.ar\/web\/wp-json\/wp\/v2\/posts"}],"about":[{"href":"http:\/\/elterritorialweb.com.ar\/web\/wp-json\/wp\/v2\/types\/post"}],"author":[{"embeddable":true,"href":"http:\/\/elterritorialweb.com.ar\/web\/wp-json\/wp\/v2\/users\/2"}],"replies":[{"embeddable":true,"href":"http:\/\/elterritorialweb.com.ar\/web\/wp-json\/wp\/v2\/comments?post=51634"}],"version-history":[{"count":1,"href":"http:\/\/elterritorialweb.com.ar\/web\/wp-json\/wp\/v2\/posts\/51634\/revisions"}],"predecessor-version":[{"id":51636,"href":"http:\/\/elterritorialweb.com.ar\/web\/wp-json\/wp\/v2\/posts\/51634\/revisions\/51636"}],"wp:featuredmedia":[{"embeddable":true,"href":"http:\/\/elterritorialweb.com.ar\/web\/wp-json\/wp\/v2\/media\/51635"}],"wp:attachment":[{"href":"http:\/\/elterritorialweb.com.ar\/web\/wp-json\/wp\/v2\/media?parent=51634"}],"wp:term":[{"taxonomy":"category","embeddable":true,"href":"http:\/\/elterritorialweb.com.ar\/web\/wp-json\/wp\/v2\/categories?post=51634"},{"taxonomy":"post_tag","embeddable":true,"href":"http:\/\/elterritorialweb.com.ar\/web\/wp-json\/wp\/v2\/tags?post=51634"}],"curies":[{"name":"wp","href":"https:\/\/api.w.org\/{rel}","templated":true}]}}