{"id":51638,"date":"2023-04-09T00:06:25","date_gmt":"2023-04-09T00:06:25","guid":{"rendered":"http:\/\/elterritorialweb.com.ar\/web\/?p=51638"},"modified":"2023-04-09T00:06:31","modified_gmt":"2023-04-09T00:06:31","slug":"27-millones-de-turistas-se-movilizaron-por-el-pais-en-semana-santa","status":"publish","type":"post","link":"http:\/\/elterritorialweb.com.ar\/web\/27-millones-de-turistas-se-movilizaron-por-el-pais-en-semana-santa\/","title":{"rendered":"2,7 MILLONES DE TURISTAS SE MOVILIZARON POR EL PA\u00cdS EN SEMANA SANTA"},"content":{"rendered":"\n<p>El&nbsp;<strong>Observatorio Argentino de Turismo (OAT)<\/strong>&nbsp;registr\u00f3 que durante Semana Santa se movilizaron<strong>&nbsp;2.7 millones de turistas<\/strong>,&nbsp;<strong>cifra r\u00e9cord para este receso<\/strong>, un 4% m\u00e1s que lo ocurrido el a\u00f1o pasado con el impulso del programa&nbsp;<strong>PreViaje.<\/strong><\/p>\n\n\n\n<p>La provincia con mayor nivel de ocupaci\u00f3n es<strong>&nbsp;San Juan<\/strong>, con un promedio de&nbsp;<strong>97%<\/strong>, mientras que destinos emblem\u00e1ticos como&nbsp;<strong>Salta, la Quebrada de Humahuaca, Puerto Iguaz\u00fa, Col\u00f3n, Villa Carlos Paz, Mendoza, Tandil, San Carlos de Bariloche y El Calafate<\/strong>&nbsp;tienen ocupaci\u00f3n pr\u00e1cticamente plena. Adem\u00e1s, se destaca el ingreso masivo de turistas desde&nbsp;<strong>Chile, Uruguay y Brasil.<\/strong><\/p>\n\n\n\n<p>\u00abDe la mano del crecimiento del turismo internacional, volvemos a marcar otro r\u00e9cord durante Semana Santa, con una ocupaci\u00f3n muy alta en todas las regiones de la Argentina.&nbsp;<strong>El turismo, con su capacidad de generar empleo y oportunidades en cada rinc\u00f3n del pa\u00eds, sigue mostrando un crecimiento extraordinario<\/strong>\u201d, asegur\u00f3 el ministro de Turismo y Deportes de la Naci\u00f3n, Mat\u00edas Lammens.<\/p>\n\n\n\n<p>En el mismo sentido, el presidente de la C\u00e1mara Argentina de Turismo (CAT), Gustavo Hani, declar\u00f3: \u201cDurante este fin de semana se volvi\u00f3&nbsp;<strong>a observar el inter\u00e9s de los viajeros por un turismo cada vez m\u00e1s federal, con n\u00fameros de ocupaci\u00f3n promedio superiores a los del a\u00f1o pasado<\/strong>. El fortalecimiento del turismo receptivo y el gran crecimiento del turismo interno nos permiten tener muy buenas expectativas para lo que resta del a\u00f1o en nuestra industria\u201d.<\/p>\n\n\n\n<p><\/p>\n\n\n\n<p><\/p>\n\n\n\n<p><\/p>\n\n\n\n<p><\/p>\n\n\n\n<p><a href=\"https:\/\/www.c5n.com\/sociedad\/se-consolida-la-recuperacion-del-turismo-receptivo-argentina-n105982\"><\/a>Semana Santa 2023: Datos del Observatorio Argentino de Turismo, provincia por provincia<\/p>\n\n\n\n<h3 class=\"wp-block-heading\">Ciudad de Buenos Aires<\/h3>\n\n\n\n<p>Ciudad de Buenos Aires: 80%<\/p>\n\n\n\n<h3 class=\"wp-block-heading\">Provincia de Buenos Aires<\/h3>\n\n\n\n<p>-Tandil: 97%<\/p>\n\n\n\n<p>-Mar del Plata: 80%<\/p>\n\n\n\n<p>-Costa del Este: 85%<\/p>\n\n\n\n<p>-San Clemente: 80%<\/p>\n\n\n\n<p>-Villa Gesell: 73%<\/p>\n\n\n\n<p>-Miramar: 80%<\/p>\n\n\n\n<p>-Sierra de la Ventana: 80%<\/p>\n\n\n\n<p>-Chascom\u00fas: 100%<\/p>\n\n\n\n<p>-San Antonio de Areco: 95%<\/p>\n\n\n\n<h3 class=\"wp-block-heading\">Jujuy (93% de promedio provincial)<\/h3>\n","protected":false},"excerpt":{"rendered":"<p>El ministro de Turismo Mat\u00edas Lammens subray\u00f3 el \u00abcrecimiento extraordinario\u00bb de esta temporada, en la que se movilizaron 2.7 millones de personas dentro del pa\u00eds.<\/p>\n","protected":false},"author":2,"featured_media":51639,"comment_status":"open","ping_status":"open","sticky":false,"template":"","format":"standard","meta":{"om_disable_all_campaigns":false,"_monsterinsights_skip_tracking":false,"_monsterinsights_sitenote_active":false,"_monsterinsights_sitenote_note":"","_monsterinsights_sitenote_category":0,"_uf_show_specific_survey":0,"_uf_disable_surveys":false,"jetpack_post_was_ever_published":false,"_jetpack_newsletter_access":"","_jetpack_dont_email_post_to_subs":false,"_jetpack_newsletter_tier_id":0,"_jetpack_memberships_contains_paywalled_content":false,"_jetpack_memberships_contains_paid_content":false,"footnotes":"","jetpack_publicize_message":"","jetpack_publicize_feature_enabled":true,"jetpack_social_post_already_shared":true,"jetpack_social_options":{"image_generator_settings":{"template":"highway","default_image_id":0,"font":"","enabled":false},"version":2}},"categories":[4,29],"tags":[],"class_list":["post-51638","post","type-post","status-publish","format-standard","has-post-thumbnail","hentry","category-destacadas","category-turismo"],"aioseo_notices":[],"views":11,"jetpack_publicize_connections":[],"jetpack_featured_media_url":"https:\/\/i0.wp.com\/elterritorialweb.com.ar\/web\/wp-content\/uploads\/2023\/04\/FB_IMG_1680998596232.jpg?fit=720%2C405","jetpack_sharing_enabled":true,"_links":{"self":[{"href":"http:\/\/elterritorialweb.com.ar\/web\/wp-json\/wp\/v2\/posts\/51638","targetHints":{"allow":["GET"]}}],"collection":[{"href":"http:\/\/elterritorialweb.com.ar\/web\/wp-json\/wp\/v2\/posts"}],"about":[{"href":"http:\/\/elterritorialweb.com.ar\/web\/wp-json\/wp\/v2\/types\/post"}],"author":[{"embeddable":true,"href":"http:\/\/elterritorialweb.com.ar\/web\/wp-json\/wp\/v2\/users\/2"}],"replies":[{"embeddable":true,"href":"http:\/\/elterritorialweb.com.ar\/web\/wp-json\/wp\/v2\/comments?post=51638"}],"version-history":[{"count":1,"href":"http:\/\/elterritorialweb.com.ar\/web\/wp-json\/wp\/v2\/posts\/51638\/revisions"}],"predecessor-version":[{"id":51640,"href":"http:\/\/elterritorialweb.com.ar\/web\/wp-json\/wp\/v2\/posts\/51638\/revisions\/51640"}],"wp:featuredmedia":[{"embeddable":true,"href":"http:\/\/elterritorialweb.com.ar\/web\/wp-json\/wp\/v2\/media\/51639"}],"wp:attachment":[{"href":"http:\/\/elterritorialweb.com.ar\/web\/wp-json\/wp\/v2\/media?parent=51638"}],"wp:term":[{"taxonomy":"category","embeddable":true,"href":"http:\/\/elterritorialweb.com.ar\/web\/wp-json\/wp\/v2\/categories?post=51638"},{"taxonomy":"post_tag","embeddable":true,"href":"http:\/\/elterritorialweb.com.ar\/web\/wp-json\/wp\/v2\/tags?post=51638"}],"curies":[{"name":"wp","href":"https:\/\/api.w.org\/{rel}","templated":true}]}}