{"id":51642,"date":"2023-04-09T04:38:42","date_gmt":"2023-04-09T04:38:42","guid":{"rendered":"http:\/\/elterritorialweb.com.ar\/web\/?p=51642"},"modified":"2023-04-09T04:42:27","modified_gmt":"2023-04-09T04:42:27","slug":"imponente-show-de-tini-en-santiago-del-estero","status":"publish","type":"post","link":"http:\/\/elterritorialweb.com.ar\/web\/imponente-show-de-tini-en-santiago-del-estero\/","title":{"rendered":"IMPONENTE SHOW DE TINI EN SANTIAGO DEL ESTERO"},"content":{"rendered":"\n<p><strong>El espect\u00e1culo comenz\u00f3 aproximadamente a las 22.30 horas, con un gran marco de p\u00fablico juvenil que estall\u00f3 con la presencia de la artista en el imponente escenario<\/strong> montado en el club Central C\u00f3rdoba.<\/p>\n\n\n\n<p>A l<strong>a gran expectativa creada por su llegada a la provincia, Tini&nbsp;respondi\u00f3 con un show de primer nivel, donde el p\u00fablico santiague\u00f1o pudo disfrutar con mucha alegr\u00eda de sus canciones<\/strong>.<\/p>\n\n\n\n<figure class=\"wp-block-image size-large\"><a href=\"https:\/\/i0.wp.com\/elterritorialweb.com.ar\/web\/wp-content\/uploads\/2023\/04\/IMG_20230408_231019_936-scaled.jpg\"><img data-recalc-dims=\"1\" decoding=\"async\" width=\"640\" height=\"480\" data-src=\"https:\/\/i0.wp.com\/elterritorialweb.com.ar\/web\/wp-content\/uploads\/2023\/04\/IMG_20230408_231019_936.jpg?resize=640%2C480\" alt=\"\" class=\"wp-image-51644 lazyload\" data-srcset=\"https:\/\/i0.wp.com\/elterritorialweb.com.ar\/web\/wp-content\/uploads\/2023\/04\/IMG_20230408_231019_936-scaled.jpg?resize=1024%2C768 1024w, https:\/\/i0.wp.com\/elterritorialweb.com.ar\/web\/wp-content\/uploads\/2023\/04\/IMG_20230408_231019_936-scaled.jpg?resize=300%2C225 300w, https:\/\/i0.wp.com\/elterritorialweb.com.ar\/web\/wp-content\/uploads\/2023\/04\/IMG_20230408_231019_936-scaled.jpg?resize=768%2C576 768w, https:\/\/i0.wp.com\/elterritorialweb.com.ar\/web\/wp-content\/uploads\/2023\/04\/IMG_20230408_231019_936-scaled.jpg?resize=1536%2C1152 1536w, https:\/\/i0.wp.com\/elterritorialweb.com.ar\/web\/wp-content\/uploads\/2023\/04\/IMG_20230408_231019_936-scaled.jpg?resize=2048%2C1536 2048w, https:\/\/i0.wp.com\/elterritorialweb.com.ar\/web\/wp-content\/uploads\/2023\/04\/IMG_20230408_231019_936-scaled.jpg?w=1280 1280w, https:\/\/i0.wp.com\/elterritorialweb.com.ar\/web\/wp-content\/uploads\/2023\/04\/IMG_20230408_231019_936-scaled.jpg?w=1920 1920w\" data-sizes=\"(max-width: 640px) 100vw, 640px\" src=\"data:image\/svg+xml;base64,PHN2ZyB3aWR0aD0iMSIgaGVpZ2h0PSIxIiB4bWxucz0iaHR0cDovL3d3dy53My5vcmcvMjAwMC9zdmciPjwvc3ZnPg==\" style=\"--smush-placeholder-width: 640px; --smush-placeholder-aspect-ratio: 640\/480;\" \/><\/a><\/figure>\n\n\n\n<p>Tras una gran puesta en escena la cantante present\u00f3 los nuevos temas de su \u00e1lbum <strong>Cupido<\/strong>, donde tambi\u00e9n hablo de su vida y del amor <em><strong>\u00abcomo el motor que todo lo mueve\u00bb<\/strong><\/em>.<\/p>\n\n\n\n<p><em>\u00abPor ah\u00ed se cree que la vida del artista es todo brillos y felicidad y yo tambi\u00e9n&nbsp;<strong>tengo mis miedos, mis inseguridades<\/strong>, por eso quiero agradecerles hacer mi sue\u00f1o realidad\u00bb, <\/em>expres\u00f3 Tini ante sus fans, posteriormente retom\u00f3 su show con una impresionante  interacci\u00f3n con su p\u00fablico.<\/p>\n\n\n\n<figure class=\"wp-block-image size-large\"><a href=\"https:\/\/i0.wp.com\/elterritorialweb.com.ar\/web\/wp-content\/uploads\/2023\/04\/IMG_20230408_231343_415-scaled.jpg\"><img data-recalc-dims=\"1\" decoding=\"async\" width=\"640\" height=\"480\" data-src=\"https:\/\/i0.wp.com\/elterritorialweb.com.ar\/web\/wp-content\/uploads\/2023\/04\/IMG_20230408_231343_415.jpg?resize=640%2C480\" alt=\"\" class=\"wp-image-51645 lazyload\" data-srcset=\"https:\/\/i0.wp.com\/elterritorialweb.com.ar\/web\/wp-content\/uploads\/2023\/04\/IMG_20230408_231343_415-scaled.jpg?resize=1024%2C768 1024w, https:\/\/i0.wp.com\/elterritorialweb.com.ar\/web\/wp-content\/uploads\/2023\/04\/IMG_20230408_231343_415-scaled.jpg?resize=300%2C225 300w, https:\/\/i0.wp.com\/elterritorialweb.com.ar\/web\/wp-content\/uploads\/2023\/04\/IMG_20230408_231343_415-scaled.jpg?resize=768%2C576 768w, https:\/\/i0.wp.com\/elterritorialweb.com.ar\/web\/wp-content\/uploads\/2023\/04\/IMG_20230408_231343_415-scaled.jpg?resize=1536%2C1152 1536w, https:\/\/i0.wp.com\/elterritorialweb.com.ar\/web\/wp-content\/uploads\/2023\/04\/IMG_20230408_231343_415-scaled.jpg?resize=2048%2C1536 2048w, https:\/\/i0.wp.com\/elterritorialweb.com.ar\/web\/wp-content\/uploads\/2023\/04\/IMG_20230408_231343_415-scaled.jpg?w=1280 1280w, https:\/\/i0.wp.com\/elterritorialweb.com.ar\/web\/wp-content\/uploads\/2023\/04\/IMG_20230408_231343_415-scaled.jpg?w=1920 1920w\" data-sizes=\"(max-width: 640px) 100vw, 640px\" src=\"data:image\/svg+xml;base64,PHN2ZyB3aWR0aD0iMSIgaGVpZ2h0PSIxIiB4bWxucz0iaHR0cDovL3d3dy53My5vcmcvMjAwMC9zdmciPjwvc3ZnPg==\" style=\"--smush-placeholder-width: 640px; --smush-placeholder-aspect-ratio: 640\/480;\" \/><\/a><\/figure>\n\n\n\n<p>La fusi\u00f3n de las nuevas canciones y los cl\u00e1sicos, la tecnolog\u00eda de vanguardia y un cuerpo extraordinario de bailarines hizo que la Triple T dejar\u00e1 una huella imborrable en su paso por Santiago.<\/p>\n","protected":false},"excerpt":{"rendered":"<p>Se present\u00f3 ante una multitud de fans que cantaron y bailaron sus canciones en el estadio de Central C\u00f3rdoba.<\/p>\n","protected":false},"author":2,"featured_media":51643,"comment_status":"open","ping_status":"open","sticky":false,"template":"","format":"standard","meta":{"om_disable_all_campaigns":false,"_monsterinsights_skip_tracking":false,"_monsterinsights_sitenote_active":false,"_monsterinsights_sitenote_note":"","_monsterinsights_sitenote_category":0,"_uf_show_specific_survey":0,"_uf_disable_surveys":false,"jetpack_post_was_ever_published":false,"_jetpack_newsletter_access":"","_jetpack_dont_email_post_to_subs":false,"_jetpack_newsletter_tier_id":0,"_jetpack_memberships_contains_paywalled_content":false,"_jetpack_memberships_contains_paid_content":false,"footnotes":"","jetpack_publicize_message":"","jetpack_publicize_feature_enabled":true,"jetpack_social_post_already_shared":true,"jetpack_social_options":{"image_generator_settings":{"template":"highway","default_image_id":0,"font":"","enabled":false},"version":2}},"categories":[20],"tags":[],"class_list":["post-51642","post","type-post","status-publish","format-standard","has-post-thumbnail","hentry","category-especysociales"],"aioseo_notices":[],"views":46,"jetpack_publicize_connections":[],"jetpack_featured_media_url":"https:\/\/i0.wp.com\/elterritorialweb.com.ar\/web\/wp-content\/uploads\/2023\/04\/IMG_20230408_231602_105-scaled.jpg?fit=2560%2C1920","jetpack_sharing_enabled":true,"_links":{"self":[{"href":"http:\/\/elterritorialweb.com.ar\/web\/wp-json\/wp\/v2\/posts\/51642","targetHints":{"allow":["GET"]}}],"collection":[{"href":"http:\/\/elterritorialweb.com.ar\/web\/wp-json\/wp\/v2\/posts"}],"about":[{"href":"http:\/\/elterritorialweb.com.ar\/web\/wp-json\/wp\/v2\/types\/post"}],"author":[{"embeddable":true,"href":"http:\/\/elterritorialweb.com.ar\/web\/wp-json\/wp\/v2\/users\/2"}],"replies":[{"embeddable":true,"href":"http:\/\/elterritorialweb.com.ar\/web\/wp-json\/wp\/v2\/comments?post=51642"}],"version-history":[{"count":2,"href":"http:\/\/elterritorialweb.com.ar\/web\/wp-json\/wp\/v2\/posts\/51642\/revisions"}],"predecessor-version":[{"id":51647,"href":"http:\/\/elterritorialweb.com.ar\/web\/wp-json\/wp\/v2\/posts\/51642\/revisions\/51647"}],"wp:featuredmedia":[{"embeddable":true,"href":"http:\/\/elterritorialweb.com.ar\/web\/wp-json\/wp\/v2\/media\/51643"}],"wp:attachment":[{"href":"http:\/\/elterritorialweb.com.ar\/web\/wp-json\/wp\/v2\/media?parent=51642"}],"wp:term":[{"taxonomy":"category","embeddable":true,"href":"http:\/\/elterritorialweb.com.ar\/web\/wp-json\/wp\/v2\/categories?post=51642"},{"taxonomy":"post_tag","embeddable":true,"href":"http:\/\/elterritorialweb.com.ar\/web\/wp-json\/wp\/v2\/tags?post=51642"}],"curies":[{"name":"wp","href":"https:\/\/api.w.org\/{rel}","templated":true}]}}