{"id":51650,"date":"2023-04-09T05:06:29","date_gmt":"2023-04-09T05:06:29","guid":{"rendered":"http:\/\/elterritorialweb.com.ar\/web\/?p=51650"},"modified":"2023-04-09T05:06:33","modified_gmt":"2023-04-09T05:06:33","slug":"gran-triunfo-de-central-cordoba-de-visitante-ante-defensa-y-justicia","status":"publish","type":"post","link":"http:\/\/elterritorialweb.com.ar\/web\/gran-triunfo-de-central-cordoba-de-visitante-ante-defensa-y-justicia\/","title":{"rendered":"GRAN TRIUNFO DE CENTRAL C\u00d3RDOBA DE VISITANTE ANTE DEFENSA Y JUSTICIA"},"content":{"rendered":"\n<p><strong>Central C\u00f3rdoba\u00a0<\/strong>festej\u00f3 esta noche su primera victoria de visitante en la\u00a0<strong>Liga Profesional de F\u00fatbol (LPF)<\/strong>, al vencer a\u00a0<strong>Defensa y Justicia<\/strong>\u00a02 a 1 en<strong>\u00a0Florencio Varela<\/strong>\u00a0por la d\u00e9cima fecha.<\/p>\n\n\n\n<figure class=\"wp-block-image size-large\"><a href=\"https:\/\/i0.wp.com\/elterritorialweb.com.ar\/web\/wp-content\/uploads\/2023\/04\/IMG-20230408-WA0026.jpg\"><img data-recalc-dims=\"1\" decoding=\"async\" width=\"640\" height=\"471\" data-src=\"https:\/\/i0.wp.com\/elterritorialweb.com.ar\/web\/wp-content\/uploads\/2023\/04\/IMG-20230408-WA0026.jpg?resize=640%2C471\" alt=\"\" class=\"wp-image-51661 lazyload\" data-srcset=\"https:\/\/i0.wp.com\/elterritorialweb.com.ar\/web\/wp-content\/uploads\/2023\/04\/IMG-20230408-WA0026.jpg?resize=1024%2C754 1024w, https:\/\/i0.wp.com\/elterritorialweb.com.ar\/web\/wp-content\/uploads\/2023\/04\/IMG-20230408-WA0026.jpg?resize=300%2C221 300w, https:\/\/i0.wp.com\/elterritorialweb.com.ar\/web\/wp-content\/uploads\/2023\/04\/IMG-20230408-WA0026.jpg?resize=768%2C565 768w, https:\/\/i0.wp.com\/elterritorialweb.com.ar\/web\/wp-content\/uploads\/2023\/04\/IMG-20230408-WA0026.jpg?w=1304 1304w\" data-sizes=\"(max-width: 640px) 100vw, 640px\" src=\"data:image\/svg+xml;base64,PHN2ZyB3aWR0aD0iMSIgaGVpZ2h0PSIxIiB4bWxucz0iaHR0cDovL3d3dy53My5vcmcvMjAwMC9zdmciPjwvc3ZnPg==\" style=\"--smush-placeholder-width: 640px; --smush-placeholder-aspect-ratio: 640\/471;\" \/><\/a><\/figure>\n\n\n\n<p>El marcador lateral\u00a0<strong>Marcelo Ben\u00edtez,<\/strong>\u00a0futbolista surgido del \u00abHalc\u00f3n\u00bb, decret\u00f3 la victoria con un golazo de tiro libre a los 40 minutos del segundo tiempo y pidi\u00f3 perd\u00f3n a los hinchas que asistieron al estadio\u00a0<strong>Norberto \u00abTito\u00bb Tomaghello.<\/strong><\/p>\n\n\n\n<figure class=\"wp-block-image size-large\"><a href=\"https:\/\/i0.wp.com\/elterritorialweb.com.ar\/web\/wp-content\/uploads\/2023\/04\/IMG-20230408-WA0046.jpg\"><img data-recalc-dims=\"1\" decoding=\"async\" width=\"640\" height=\"464\" data-src=\"https:\/\/i0.wp.com\/elterritorialweb.com.ar\/web\/wp-content\/uploads\/2023\/04\/IMG-20230408-WA0046.jpg?resize=640%2C464\" alt=\"\" class=\"wp-image-51659 lazyload\" data-srcset=\"https:\/\/i0.wp.com\/elterritorialweb.com.ar\/web\/wp-content\/uploads\/2023\/04\/IMG-20230408-WA0046.jpg?resize=1024%2C742 1024w, https:\/\/i0.wp.com\/elterritorialweb.com.ar\/web\/wp-content\/uploads\/2023\/04\/IMG-20230408-WA0046.jpg?resize=300%2C217 300w, https:\/\/i0.wp.com\/elterritorialweb.com.ar\/web\/wp-content\/uploads\/2023\/04\/IMG-20230408-WA0046.jpg?resize=768%2C556 768w, https:\/\/i0.wp.com\/elterritorialweb.com.ar\/web\/wp-content\/uploads\/2023\/04\/IMG-20230408-WA0046.jpg?resize=1536%2C1113 1536w, https:\/\/i0.wp.com\/elterritorialweb.com.ar\/web\/wp-content\/uploads\/2023\/04\/IMG-20230408-WA0046.jpg?w=1600 1600w, https:\/\/i0.wp.com\/elterritorialweb.com.ar\/web\/wp-content\/uploads\/2023\/04\/IMG-20230408-WA0046.jpg?w=1280 1280w\" data-sizes=\"(max-width: 640px) 100vw, 640px\" src=\"data:image\/svg+xml;base64,PHN2ZyB3aWR0aD0iMSIgaGVpZ2h0PSIxIiB4bWxucz0iaHR0cDovL3d3dy53My5vcmcvMjAwMC9zdmciPjwvc3ZnPg==\" style=\"--smush-placeholder-width: 640px; --smush-placeholder-aspect-ratio: 640\/464;\" \/><\/a><\/figure>\n\n\n\n<p>Nueve minutos antes,\u00a0<strong>Defensa\u00a0<\/strong>hab\u00eda empatado con un gol de\u00a0<strong>\u00abUvita\u00bb Nicol\u00e1s Fern\u00e1ndez\u00a0<\/strong>que nivel\u00f3 un juego a favor del\u00a0<strong>Ferro<\/strong>\u00a0desde los 3 minutos por la conquista de<strong>\u00a0Leandro Maciel.<\/strong><\/p>\n\n\n\n<figure class=\"wp-block-image size-large\"><a href=\"https:\/\/i0.wp.com\/elterritorialweb.com.ar\/web\/wp-content\/uploads\/2023\/04\/IMG-20230408-WA0029.jpg\"><img data-recalc-dims=\"1\" decoding=\"async\" width=\"640\" height=\"426\" data-src=\"https:\/\/i0.wp.com\/elterritorialweb.com.ar\/web\/wp-content\/uploads\/2023\/04\/IMG-20230408-WA0029.jpg?resize=640%2C426\" alt=\"\" class=\"wp-image-51662 lazyload\" data-srcset=\"https:\/\/i0.wp.com\/elterritorialweb.com.ar\/web\/wp-content\/uploads\/2023\/04\/IMG-20230408-WA0029.jpg?resize=1024%2C681 1024w, https:\/\/i0.wp.com\/elterritorialweb.com.ar\/web\/wp-content\/uploads\/2023\/04\/IMG-20230408-WA0029.jpg?resize=300%2C200 300w, https:\/\/i0.wp.com\/elterritorialweb.com.ar\/web\/wp-content\/uploads\/2023\/04\/IMG-20230408-WA0029.jpg?resize=768%2C511 768w, https:\/\/i0.wp.com\/elterritorialweb.com.ar\/web\/wp-content\/uploads\/2023\/04\/IMG-20230408-WA0029.jpg?resize=1536%2C1021 1536w, https:\/\/i0.wp.com\/elterritorialweb.com.ar\/web\/wp-content\/uploads\/2023\/04\/IMG-20230408-WA0029.jpg?w=1600 1600w, https:\/\/i0.wp.com\/elterritorialweb.com.ar\/web\/wp-content\/uploads\/2023\/04\/IMG-20230408-WA0029.jpg?w=1280 1280w\" data-sizes=\"(max-width: 640px) 100vw, 640px\" src=\"data:image\/svg+xml;base64,PHN2ZyB3aWR0aD0iMSIgaGVpZ2h0PSIxIiB4bWxucz0iaHR0cDovL3d3dy53My5vcmcvMjAwMC9zdmciPjwvc3ZnPg==\" style=\"--smush-placeholder-width: 640px; --smush-placeholder-aspect-ratio: 640\/426;\" \/><\/a><\/figure>\n\n\n\n<p>El local termin\u00f3 el partido con 10 jugadores por la expulsi\u00f3n de\u00a0<strong>Kevin Guti\u00e9rrez\u00a0<\/strong>(37m.ST), quien no podr\u00e1 jugar el pr\u00f3ximo partido ante\u00a0<strong>Banfield<\/strong>.<\/p>\n\n\n\n<figure class=\"wp-block-image size-large\"><a href=\"https:\/\/i0.wp.com\/elterritorialweb.com.ar\/web\/wp-content\/uploads\/2023\/04\/IMG-20230408-WA0045.jpg\"><img data-recalc-dims=\"1\" decoding=\"async\" width=\"640\" height=\"456\" data-src=\"https:\/\/i0.wp.com\/elterritorialweb.com.ar\/web\/wp-content\/uploads\/2023\/04\/IMG-20230408-WA0045.jpg?resize=640%2C456\" alt=\"\" class=\"wp-image-51660 lazyload\" data-srcset=\"https:\/\/i0.wp.com\/elterritorialweb.com.ar\/web\/wp-content\/uploads\/2023\/04\/IMG-20230408-WA0045.jpg?resize=1024%2C730 1024w, https:\/\/i0.wp.com\/elterritorialweb.com.ar\/web\/wp-content\/uploads\/2023\/04\/IMG-20230408-WA0045.jpg?resize=300%2C214 300w, https:\/\/i0.wp.com\/elterritorialweb.com.ar\/web\/wp-content\/uploads\/2023\/04\/IMG-20230408-WA0045.jpg?resize=768%2C548 768w, https:\/\/i0.wp.com\/elterritorialweb.com.ar\/web\/wp-content\/uploads\/2023\/04\/IMG-20230408-WA0045.jpg?w=1259 1259w\" data-sizes=\"(max-width: 640px) 100vw, 640px\" src=\"data:image\/svg+xml;base64,PHN2ZyB3aWR0aD0iMSIgaGVpZ2h0PSIxIiB4bWxucz0iaHR0cDovL3d3dy53My5vcmcvMjAwMC9zdmciPjwvc3ZnPg==\" style=\"--smush-placeholder-width: 640px; --smush-placeholder-aspect-ratio: 640\/456;\" \/><\/a><\/figure>\n\n\n\n<p><strong>Central C\u00f3rdoba&nbsp;<\/strong>logr\u00f3 su segunda victoria consecutiva, sum\u00f3 tres puntos que lo alejan de la zona de descenso y que buscar\u00e1 ratificar con otro triunfo cuando reciba el martes a&nbsp;<strong>Lan\u00fas en el Estadio \u00danico \u201cMadre de Ciudades\u201d.<\/strong><\/p>\n\n\n\n<figure class=\"wp-block-embed is-type-video is-provider-youtube wp-block-embed-youtube wp-embed-aspect-16-9 wp-has-aspect-ratio\"><div class=\"wp-block-embed__wrapper\">\n<iframe title=\"El #Ferroviario venci\u00f3 al #Halc\u00f3n en #Varela | #DefensaYJusticia 1-2 #CentralC\u00f3rdoba | RESUMEN\" width=\"640\" height=\"360\" data-src=\"https:\/\/www.youtube.com\/embed\/AgDthmFMPLg?feature=oembed\" frameborder=\"0\" allow=\"accelerometer; autoplay; clipboard-write; encrypted-media; gyroscope; picture-in-picture; web-share\" referrerpolicy=\"strict-origin-when-cross-origin\" allowfullscreen src=\"data:image\/svg+xml;base64,PHN2ZyB3aWR0aD0iMSIgaGVpZ2h0PSIxIiB4bWxucz0iaHR0cDovL3d3dy53My5vcmcvMjAwMC9zdmciPjwvc3ZnPg==\" class=\"lazyload\" data-load-mode=\"1\"><\/iframe>\n<\/div><\/figure>\n","protected":false},"excerpt":{"rendered":"<p>El Ferro derrot\u00f3 al Halc\u00f3n por 2-1 en Florencio Varela para seguir escalando y engrosando su promedio en la Liga Profesional.<\/p>\n","protected":false},"author":2,"featured_media":51658,"comment_status":"open","ping_status":"open","sticky":false,"template":"","format":"standard","meta":{"om_disable_all_campaigns":false,"_monsterinsights_skip_tracking":false,"_monsterinsights_sitenote_active":false,"_monsterinsights_sitenote_note":"","_monsterinsights_sitenote_category":0,"_uf_show_specific_survey":0,"_uf_disable_surveys":false,"jetpack_post_was_ever_published":false,"_jetpack_newsletter_access":"","_jetpack_dont_email_post_to_subs":false,"_jetpack_newsletter_tier_id":0,"_jetpack_memberships_contains_paywalled_content":false,"_jetpack_memberships_contains_paid_content":false,"footnotes":"","jetpack_publicize_message":"","jetpack_publicize_feature_enabled":true,"jetpack_social_post_already_shared":true,"jetpack_social_options":{"image_generator_settings":{"template":"highway","default_image_id":0,"font":"","enabled":false},"version":2}},"categories":[6],"tags":[],"class_list":["post-51650","post","type-post","status-publish","format-standard","has-post-thumbnail","hentry","category-deportes"],"aioseo_notices":[],"views":11,"jetpack_publicize_connections":[],"jetpack_featured_media_url":"https:\/\/i0.wp.com\/elterritorialweb.com.ar\/web\/wp-content\/uploads\/2023\/04\/IMG-20230408-WA00441.jpg?fit=1600%2C1199","jetpack_sharing_enabled":true,"_links":{"self":[{"href":"http:\/\/elterritorialweb.com.ar\/web\/wp-json\/wp\/v2\/posts\/51650","targetHints":{"allow":["GET"]}}],"collection":[{"href":"http:\/\/elterritorialweb.com.ar\/web\/wp-json\/wp\/v2\/posts"}],"about":[{"href":"http:\/\/elterritorialweb.com.ar\/web\/wp-json\/wp\/v2\/types\/post"}],"author":[{"embeddable":true,"href":"http:\/\/elterritorialweb.com.ar\/web\/wp-json\/wp\/v2\/users\/2"}],"replies":[{"embeddable":true,"href":"http:\/\/elterritorialweb.com.ar\/web\/wp-json\/wp\/v2\/comments?post=51650"}],"version-history":[{"count":1,"href":"http:\/\/elterritorialweb.com.ar\/web\/wp-json\/wp\/v2\/posts\/51650\/revisions"}],"predecessor-version":[{"id":51663,"href":"http:\/\/elterritorialweb.com.ar\/web\/wp-json\/wp\/v2\/posts\/51650\/revisions\/51663"}],"wp:featuredmedia":[{"embeddable":true,"href":"http:\/\/elterritorialweb.com.ar\/web\/wp-json\/wp\/v2\/media\/51658"}],"wp:attachment":[{"href":"http:\/\/elterritorialweb.com.ar\/web\/wp-json\/wp\/v2\/media?parent=51650"}],"wp:term":[{"taxonomy":"category","embeddable":true,"href":"http:\/\/elterritorialweb.com.ar\/web\/wp-json\/wp\/v2\/categories?post=51650"},{"taxonomy":"post_tag","embeddable":true,"href":"http:\/\/elterritorialweb.com.ar\/web\/wp-json\/wp\/v2\/tags?post=51650"}],"curies":[{"name":"wp","href":"https:\/\/api.w.org\/{rel}","templated":true}]}}