{"id":51829,"date":"2023-04-13T02:17:38","date_gmt":"2023-04-13T02:17:38","guid":{"rendered":"http:\/\/elterritorialweb.com.ar\/web\/?p=51829"},"modified":"2023-04-13T02:17:40","modified_gmt":"2023-04-13T02:17:40","slug":"zamora-el-trabajo-la-construccion-son-el-camino-productivo-a-seguir","status":"publish","type":"post","link":"http:\/\/elterritorialweb.com.ar\/web\/zamora-el-trabajo-la-construccion-son-el-camino-productivo-a-seguir\/","title":{"rendered":"ZAMORA: \u00abEL TRABAJO, LA CONSTRUCCI\u00d3N, SON EL CAMINO PRODUCTIVO A SEGUIR\u00bb"},"content":{"rendered":"\n<p><strong>Gerardo Zamora, gobernador de Santiago del Ester<\/strong>o, junto al presidente Alberto Fern\u00e1ndez, encabezaron el acto este mi\u00e9rcoles en el Nodo Tecnol\u00f3gico y all\u00ed entregaron viviendas a las familias beneficiadas.<\/p>\n\n\n\n<p>A su turno, el mandatario santiague\u00f1o valor\u00f3 \u201cel enorme compromiso del Gobierno con las familias santiague\u00f1as\u201d. \u201c<strong>El trabajo, la construcci\u00f3n, son el camino productivo a seguir<\/strong>. Han existido pol\u00edticas federales que nos pone a nosotros los santiague\u00f1os en un camino que no se detiene. Este federalismo, y norte del pa\u00eds, tuvo la grandeza de poner la sangre para la Independencia de nuestro pa\u00eds. No somos m\u00e1s que nadie pero no somos menos que ninguno. Amamos a nuestros pa\u00eds porque tenemos la convicci\u00f3n para construir nuestra patria grande que nos mantenga con posibilidades a todos\u201d, se\u00f1al\u00f3 Zamora.<\/p>\n\n\n\n<p>El gobernador y el presidente,\u00a0<strong>recorrieron el barrio Mama Antula II y las familias recibieron su llave<\/strong>. Tambi\u00e9n se sumaron familias de la ciudad de Nueva Esperanza, Villa del Carmen y altos del Mariano Moreno. \u201cTienen las llaves de su hogar y es una inmensa alegr\u00eda porque significa que tendr\u00e1n una mejor calidad de vida. All\u00ed trabaj\u00f3 gente y se motoriz\u00f3 la econom\u00eda y lo bueno de saber eso es que justo se entrega la vivienda 100. Un dato no menor, cuando hace tres a\u00f1os estaba todo paralizado. Nos llena de satisfacci\u00f3n. Felicitaciones Presidente por la mirada, esto es un punto importante para lo que viene hacia futuro\u201d, a\u00f1adi\u00f3 el gobernador santiague\u00f1o.<\/p>\n","protected":false},"excerpt":{"rendered":"<p>El gobernador destac\u00f3 el compromiso y el trabajo junto al Gobierno Nacional, tras dejar inauguradas las viviendas junto al presidente Alberto Fern\u00e1ndez.<\/p>\n","protected":false},"author":2,"featured_media":51830,"comment_status":"open","ping_status":"open","sticky":false,"template":"","format":"standard","meta":{"om_disable_all_campaigns":false,"_monsterinsights_skip_tracking":false,"_monsterinsights_sitenote_active":false,"_monsterinsights_sitenote_note":"","_monsterinsights_sitenote_category":0,"_uf_show_specific_survey":0,"_uf_disable_surveys":false,"jetpack_post_was_ever_published":false,"_jetpack_newsletter_access":"","_jetpack_dont_email_post_to_subs":false,"_jetpack_newsletter_tier_id":0,"_jetpack_memberships_contains_paywalled_content":false,"_jetpack_memberships_contains_paid_content":false,"footnotes":"","jetpack_publicize_message":"","jetpack_publicize_feature_enabled":true,"jetpack_social_post_already_shared":true,"jetpack_social_options":{"image_generator_settings":{"template":"highway","default_image_id":0,"font":"","enabled":false},"version":2}},"categories":[4,21],"tags":[],"class_list":["post-51829","post","type-post","status-publish","format-standard","has-post-thumbnail","hentry","category-destacadas","category-locales"],"aioseo_notices":[],"views":11,"jetpack_publicize_connections":[],"jetpack_featured_media_url":"https:\/\/i0.wp.com\/elterritorialweb.com.ar\/web\/wp-content\/uploads\/2023\/04\/WhatsApp-Image-2023-04-12-at-23.05.47.jpeg?fit=875%2C563","jetpack_sharing_enabled":true,"_links":{"self":[{"href":"http:\/\/elterritorialweb.com.ar\/web\/wp-json\/wp\/v2\/posts\/51829","targetHints":{"allow":["GET"]}}],"collection":[{"href":"http:\/\/elterritorialweb.com.ar\/web\/wp-json\/wp\/v2\/posts"}],"about":[{"href":"http:\/\/elterritorialweb.com.ar\/web\/wp-json\/wp\/v2\/types\/post"}],"author":[{"embeddable":true,"href":"http:\/\/elterritorialweb.com.ar\/web\/wp-json\/wp\/v2\/users\/2"}],"replies":[{"embeddable":true,"href":"http:\/\/elterritorialweb.com.ar\/web\/wp-json\/wp\/v2\/comments?post=51829"}],"version-history":[{"count":1,"href":"http:\/\/elterritorialweb.com.ar\/web\/wp-json\/wp\/v2\/posts\/51829\/revisions"}],"predecessor-version":[{"id":51831,"href":"http:\/\/elterritorialweb.com.ar\/web\/wp-json\/wp\/v2\/posts\/51829\/revisions\/51831"}],"wp:featuredmedia":[{"embeddable":true,"href":"http:\/\/elterritorialweb.com.ar\/web\/wp-json\/wp\/v2\/media\/51830"}],"wp:attachment":[{"href":"http:\/\/elterritorialweb.com.ar\/web\/wp-json\/wp\/v2\/media?parent=51829"}],"wp:term":[{"taxonomy":"category","embeddable":true,"href":"http:\/\/elterritorialweb.com.ar\/web\/wp-json\/wp\/v2\/categories?post=51829"},{"taxonomy":"post_tag","embeddable":true,"href":"http:\/\/elterritorialweb.com.ar\/web\/wp-json\/wp\/v2\/tags?post=51829"}],"curies":[{"name":"wp","href":"https:\/\/api.w.org\/{rel}","templated":true}]}}